{"id":4411,"date":"2021-12-09T16:21:03","date_gmt":"2021-12-09T19:21:03","guid":{"rendered":"https:\/\/www.centralab.com.ar\/?p=4411"},"modified":"2025-10-22T05:12:12","modified_gmt":"2025-10-22T08:12:12","slug":"dia-mundial-lucha-contra-sida","status":"publish","type":"post","link":"https:\/\/www.centralab.com.ar\/eng\/dia-mundial-lucha-contra-sida\/","title":{"rendered":"D\u00eda Mundial de la Lucha contra el SIDA"},"content":{"rendered":"<p>En el D\u00eda Mundial de la Lucha contra el SIDA, queremos contarte sobre el rol esencial que cumple el laboratorio en la detecci\u00f3n temprana del virus en sangre, el seguimiento de la infecci\u00f3n, la respuesta al tratamiento y la evaluaci\u00f3n del sistema inmunol\u00f3gico.<\/p>\n\n\n\n<p>Para ello, en CentraLab contamos con los siguientes an\u00e1lisis:<\/p>\n\n\n\n<p>\u2714\ufe0f Test VIH: test de cuarta generaci\u00f3n que detecta VIH1\/VIH2 (anticuerpos que se producen en respuesta a la infecci\u00f3n).<\/p>\n\n\n\n<p>\u2714\ufe0f Ant\u00edgeno p24: es una prote\u00edna viral, sus niveles elevados en sangre indican una reciente infecci\u00f3n por el VIH. Es fundamental para la detecci\u00f3n temprana.<\/p>\n\n\n\n<p>\u2714\ufe0f Western Blot: m\u00e9todo confirmatorio del diagn\u00f3stico.<\/p>\n\n\n\n<p>\u2714\ufe0f Carga viral: mide la cantidad de copias de ARN circulante en el plasma de pacientes infectados. Se utiliza para evaluar pron\u00f3stico del paciente o para monitorear los efectos del tratamiento antiretroviral.<\/p>\n\n\n\n<p>\u2714\ufe0f Cuantificaci\u00f3n de poblaciones linfocitarias: eval\u00faan c\u00f3mo el VIH est\u00e1 afectando el sistema inmunitario.<\/p>\n\n\n\n<p>\ud83d\udc49\ud83c\udffb El an\u00e1lisis de VIH es voluntario y <a href=\"https:\/\/www.trungtambaohanhtivisony.vn\/\">https:\/\/www.trungtambaohanhtivisony.vn\/<\/a> confidencial. Los resultados deben ser evaluados por tu m\u00e9dico de confianza.<\/p>","protected":false},"excerpt":{"rendered":"<p>En el D\u00eda Mundial de la Lucha contra el SIDA, queremos contarte sobre el rol esencial que cumple el laboratorio en la detecci\u00f3n temprana del virus en sangre, el seguimiento de la infecci\u00f3n, la respuesta al tratamiento y la evaluaci\u00f3n del sistema inmunol\u00f3gico.<\/p>","protected":false},"author":2,"featured_media":4621,"comment_status":"closed","ping_status":"closed","sticky":false,"template":"","format":"standard","meta":{"footnotes":""},"categories":[12],"tags":[],"class_list":["post-4411","post","type-post","status-publish","format-standard","has-post-thumbnail","hentry","category-blog"],"yoast_head":"<!-- This site is optimized with the Yoast SEO plugin v25.1 - https:\/\/yoast.com\/wordpress\/plugins\/seo\/ -->\n<title>D\u00eda Mundial de la Lucha contra el SIDA - CentraLab - Tu laboratorio siempre cerca<\/title>\n<meta name=\"description\" content=\"En el D\u00eda Mundial de la Lucha contra el SIDA, queremos contarte sobre el rol esencial que cumple el laboratorio en la detecci\u00f3n temprana del virus en sangre, el seguimiento de la infecci\u00f3n, la respuesta al tratamiento y la evaluaci\u00f3n del sistema inmunol\u00f3gico.\" \/>\n<meta name=\"robots\" content=\"index, follow, max-snippet:-1, max-image-preview:large, max-video-preview:-1\" \/>\n<link rel=\"canonical\" href=\"https:\/\/www.centralab.com.ar\/eng\/dia-mundial-lucha-contra-sida\/\" \/>\n<meta property=\"og:locale\" content=\"en_GB\" \/>\n<meta property=\"og:type\" content=\"article\" \/>\n<meta property=\"og:title\" content=\"D\u00eda Mundial de la Lucha contra el SIDA - CentraLab - Tu laboratorio siempre cerca\" \/>\n<meta property=\"og:description\" content=\"En el D\u00eda Mundial de la Lucha contra el SIDA, queremos contarte sobre el rol esencial que cumple el laboratorio en la detecci\u00f3n temprana del virus en sangre, el seguimiento de la infecci\u00f3n, la respuesta al tratamiento y la evaluaci\u00f3n del sistema inmunol\u00f3gico.\" \/>\n<meta property=\"og:url\" content=\"https:\/\/www.centralab.com.ar\/eng\/dia-mundial-lucha-contra-sida\/\" \/>\n<meta property=\"og:site_name\" content=\"CentraLab - Tu laboratorio siempre cerca\" \/>\n<meta property=\"article:publisher\" content=\"https:\/\/www.facebook.com\/CentraLabAnalisisClinicos\/\" \/>\n<meta property=\"article:published_time\" content=\"2021-12-09T19:21:03+00:00\" \/>\n<meta property=\"article:modified_time\" content=\"2025-10-22T08:12:12+00:00\" \/>\n<meta property=\"og:image\" content=\"https:\/\/www.centralab.com.ar\/wp-content\/uploads\/2021\/12\/Diciembre_Nota_1_Dia-Mundial-de-la-lucha-contra-el-SIDA.jpg\" \/>\n\t<meta property=\"og:image:width\" content=\"1200\" \/>\n\t<meta property=\"og:image:height\" content=\"617\" \/>\n\t<meta property=\"og:image:type\" content=\"image\/jpeg\" \/>\n<meta name=\"author\" content=\"popcorntv popcorntv\" \/>\n<meta name=\"twitter:card\" content=\"summary_large_image\" \/>\n<meta name=\"twitter:label1\" content=\"Written by\" \/>\n\t<meta name=\"twitter:data1\" content=\"popcorntv popcorntv\" \/>\n\t<meta name=\"twitter:label2\" content=\"Estimated reading time\" \/>\n\t<meta name=\"twitter:data2\" content=\"1 minute\" \/>\n<script type=\"application\/ld+json\" class=\"yoast-schema-graph\">{\"@context\":\"https:\/\/schema.org\",\"@graph\":[{\"@type\":\"Article\",\"@id\":\"https:\/\/www.centralab.com.ar\/dia-mundial-lucha-contra-sida\/#article\",\"isPartOf\":{\"@id\":\"https:\/\/www.centralab.com.ar\/dia-mundial-lucha-contra-sida\/\"},\"author\":{\"name\":\"popcorntv popcorntv\",\"@id\":\"https:\/\/www.centralab.com.ar\/#\/schema\/person\/fd08a1e657c59bb0978cbece7b52980b\"},\"headline\":\"D\u00eda Mundial de la Lucha contra el SIDA\",\"datePublished\":\"2021-12-09T19:21:03+00:00\",\"dateModified\":\"2025-10-22T08:12:12+00:00\",\"mainEntityOfPage\":{\"@id\":\"https:\/\/www.centralab.com.ar\/dia-mundial-lucha-contra-sida\/\"},\"wordCount\":196,\"publisher\":{\"@id\":\"https:\/\/www.centralab.com.ar\/#organization\"},\"image\":{\"@id\":\"https:\/\/www.centralab.com.ar\/dia-mundial-lucha-contra-sida\/#primaryimage\"},\"thumbnailUrl\":\"https:\/\/www.centralab.com.ar\/wp-content\/uploads\/2021\/12\/Diciembre_Nota_1_Dia-Mundial-de-la-lucha-contra-el-SIDA.jpg\",\"articleSection\":[\"Blog\"],\"inLanguage\":\"en-GB\"},{\"@type\":\"WebPage\",\"@id\":\"https:\/\/www.centralab.com.ar\/dia-mundial-lucha-contra-sida\/\",\"url\":\"https:\/\/www.centralab.com.ar\/dia-mundial-lucha-contra-sida\/\",\"name\":\"D\u00eda Mundial de la Lucha contra el SIDA - CentraLab - Tu laboratorio siempre cerca\",\"isPartOf\":{\"@id\":\"https:\/\/www.centralab.com.ar\/#website\"},\"primaryImageOfPage\":{\"@id\":\"https:\/\/www.centralab.com.ar\/dia-mundial-lucha-contra-sida\/#primaryimage\"},\"image\":{\"@id\":\"https:\/\/www.centralab.com.ar\/dia-mundial-lucha-contra-sida\/#primaryimage\"},\"thumbnailUrl\":\"https:\/\/www.centralab.com.ar\/wp-content\/uploads\/2021\/12\/Diciembre_Nota_1_Dia-Mundial-de-la-lucha-contra-el-SIDA.jpg\",\"datePublished\":\"2021-12-09T19:21:03+00:00\",\"dateModified\":\"2025-10-22T08:12:12+00:00\",\"description\":\"En el D\u00eda Mundial de la Lucha contra el SIDA, queremos contarte sobre el rol esencial que cumple el laboratorio en la detecci\u00f3n temprana del virus en sangre, el seguimiento de la infecci\u00f3n, la respuesta al tratamiento y la evaluaci\u00f3n del sistema inmunol\u00f3gico.\",\"breadcrumb\":{\"@id\":\"https:\/\/www.centralab.com.ar\/dia-mundial-lucha-contra-sida\/#breadcrumb\"},\"inLanguage\":\"en-GB\",\"potentialAction\":[{\"@type\":\"ReadAction\",\"target\":[\"https:\/\/www.centralab.com.ar\/dia-mundial-lucha-contra-sida\/\"]}]},{\"@type\":\"ImageObject\",\"inLanguage\":\"en-GB\",\"@id\":\"https:\/\/www.centralab.com.ar\/dia-mundial-lucha-contra-sida\/#primaryimage\",\"url\":\"https:\/\/www.centralab.com.ar\/wp-content\/uploads\/2021\/12\/Diciembre_Nota_1_Dia-Mundial-de-la-lucha-contra-el-SIDA.jpg\",\"contentUrl\":\"https:\/\/www.centralab.com.ar\/wp-content\/uploads\/2021\/12\/Diciembre_Nota_1_Dia-Mundial-de-la-lucha-contra-el-SIDA.jpg\",\"width\":1200,\"height\":617,\"caption\":\"D\u00eda Mundial de la lucha contra el SIDA\"},{\"@type\":\"BreadcrumbList\",\"@id\":\"https:\/\/www.centralab.com.ar\/dia-mundial-lucha-contra-sida\/#breadcrumb\",\"itemListElement\":[{\"@type\":\"ListItem\",\"position\":1,\"name\":\"Inicio\",\"item\":\"https:\/\/www.centralab.com.ar\/\"},{\"@type\":\"ListItem\",\"position\":2,\"name\":\"D\u00eda Mundial de la Lucha contra el SIDA\"}]},{\"@type\":\"WebSite\",\"@id\":\"https:\/\/www.centralab.com.ar\/#website\",\"url\":\"https:\/\/www.centralab.com.ar\/\",\"name\":\"CentraLab | Laboratorio de an\u00e1lisis cl\u00ednicos\",\"description\":\"Tu laboratorio siempre cerca\",\"publisher\":{\"@id\":\"https:\/\/www.centralab.com.ar\/#organization\"},\"potentialAction\":[{\"@type\":\"SearchAction\",\"target\":{\"@type\":\"EntryPoint\",\"urlTemplate\":\"https:\/\/www.centralab.com.ar\/?s={search_term_string}\"},\"query-input\":{\"@type\":\"PropertyValueSpecification\",\"valueRequired\":true,\"valueName\":\"search_term_string\"}}],\"inLanguage\":\"en-GB\"},{\"@type\":\"Organization\",\"@id\":\"https:\/\/www.centralab.com.ar\/#organization\",\"name\":\"CentraLab - An\u00e1lisis cl\u00ednicos\",\"url\":\"https:\/\/www.centralab.com.ar\/\",\"logo\":{\"@type\":\"ImageObject\",\"inLanguage\":\"en-GB\",\"@id\":\"https:\/\/www.centralab.com.ar\/#\/schema\/logo\/image\/\",\"url\":\"https:\/\/www.centralab.com.ar\/wp-content\/uploads\/2021\/05\/LogoCentralab-1.svg\",\"contentUrl\":\"https:\/\/www.centralab.com.ar\/wp-content\/uploads\/2021\/05\/LogoCentralab-1.svg\",\"width\":1,\"height\":1,\"caption\":\"CentraLab - An\u00e1lisis cl\u00ednicos\"},\"image\":{\"@id\":\"https:\/\/www.centralab.com.ar\/#\/schema\/logo\/image\/\"},\"sameAs\":[\"https:\/\/www.facebook.com\/CentraLabAnalisisClinicos\/\",\"https:\/\/www.instagram.com\/centralab_\/\",\"https:\/\/www.youtube.com\/channel\/UCasI9bGmQCSQoSeKGFsceKQ\"]},{\"@type\":\"Person\",\"@id\":\"https:\/\/www.centralab.com.ar\/#\/schema\/person\/fd08a1e657c59bb0978cbece7b52980b\",\"name\":\"popcorntv popcorntv\",\"url\":\"https:\/\/www.centralab.com.ar\/eng\/author\/popcorntv\/\"}]}<\/script>\n<!-- \/ Yoast SEO plugin. -->","yoast_head_json":{"title":"D\u00eda Mundial de la Lucha contra el SIDA - CentraLab - Tu laboratorio siempre cerca","description":"En el D\u00eda Mundial de la Lucha contra el SIDA, queremos contarte sobre el rol esencial que cumple el laboratorio en la detecci\u00f3n temprana del virus en sangre, el seguimiento de la infecci\u00f3n, la respuesta al tratamiento y la evaluaci\u00f3n del sistema inmunol\u00f3gico.","robots":{"index":"index","follow":"follow","max-snippet":"max-snippet:-1","max-image-preview":"max-image-preview:large","max-video-preview":"max-video-preview:-1"},"canonical":"https:\/\/www.centralab.com.ar\/eng\/dia-mundial-lucha-contra-sida\/","og_locale":"en_GB","og_type":"article","og_title":"D\u00eda Mundial de la Lucha contra el SIDA - CentraLab - Tu laboratorio siempre cerca","og_description":"En el D\u00eda Mundial de la Lucha contra el SIDA, queremos contarte sobre el rol esencial que cumple el laboratorio en la detecci\u00f3n temprana del virus en sangre, el seguimiento de la infecci\u00f3n, la respuesta al tratamiento y la evaluaci\u00f3n del sistema inmunol\u00f3gico.","og_url":"https:\/\/www.centralab.com.ar\/eng\/dia-mundial-lucha-contra-sida\/","og_site_name":"CentraLab - Tu laboratorio siempre cerca","article_publisher":"https:\/\/www.facebook.com\/CentraLabAnalisisClinicos\/","article_published_time":"2021-12-09T19:21:03+00:00","article_modified_time":"2025-10-22T08:12:12+00:00","og_image":[{"width":1200,"height":617,"url":"https:\/\/www.centralab.com.ar\/wp-content\/uploads\/2021\/12\/Diciembre_Nota_1_Dia-Mundial-de-la-lucha-contra-el-SIDA.jpg","type":"image\/jpeg"}],"author":"popcorntv popcorntv","twitter_card":"summary_large_image","twitter_misc":{"Written by":"popcorntv popcorntv","Estimated reading time":"1 minute"},"schema":{"@context":"https:\/\/schema.org","@graph":[{"@type":"Article","@id":"https:\/\/www.centralab.com.ar\/dia-mundial-lucha-contra-sida\/#article","isPartOf":{"@id":"https:\/\/www.centralab.com.ar\/dia-mundial-lucha-contra-sida\/"},"author":{"name":"popcorntv popcorntv","@id":"https:\/\/www.centralab.com.ar\/#\/schema\/person\/fd08a1e657c59bb0978cbece7b52980b"},"headline":"D\u00eda Mundial de la Lucha contra el SIDA","datePublished":"2021-12-09T19:21:03+00:00","dateModified":"2025-10-22T08:12:12+00:00","mainEntityOfPage":{"@id":"https:\/\/www.centralab.com.ar\/dia-mundial-lucha-contra-sida\/"},"wordCount":196,"publisher":{"@id":"https:\/\/www.centralab.com.ar\/#organization"},"image":{"@id":"https:\/\/www.centralab.com.ar\/dia-mundial-lucha-contra-sida\/#primaryimage"},"thumbnailUrl":"https:\/\/www.centralab.com.ar\/wp-content\/uploads\/2021\/12\/Diciembre_Nota_1_Dia-Mundial-de-la-lucha-contra-el-SIDA.jpg","articleSection":["Blog"],"inLanguage":"en-GB"},{"@type":"WebPage","@id":"https:\/\/www.centralab.com.ar\/dia-mundial-lucha-contra-sida\/","url":"https:\/\/www.centralab.com.ar\/dia-mundial-lucha-contra-sida\/","name":"D\u00eda Mundial de la Lucha contra el SIDA - CentraLab - Tu laboratorio siempre cerca","isPartOf":{"@id":"https:\/\/www.centralab.com.ar\/#website"},"primaryImageOfPage":{"@id":"https:\/\/www.centralab.com.ar\/dia-mundial-lucha-contra-sida\/#primaryimage"},"image":{"@id":"https:\/\/www.centralab.com.ar\/dia-mundial-lucha-contra-sida\/#primaryimage"},"thumbnailUrl":"https:\/\/www.centralab.com.ar\/wp-content\/uploads\/2021\/12\/Diciembre_Nota_1_Dia-Mundial-de-la-lucha-contra-el-SIDA.jpg","datePublished":"2021-12-09T19:21:03+00:00","dateModified":"2025-10-22T08:12:12+00:00","description":"En el D\u00eda Mundial de la Lucha contra el SIDA, queremos contarte sobre el rol esencial que cumple el laboratorio en la detecci\u00f3n temprana del virus en sangre, el seguimiento de la infecci\u00f3n, la respuesta al tratamiento y la evaluaci\u00f3n del sistema inmunol\u00f3gico.","breadcrumb":{"@id":"https:\/\/www.centralab.com.ar\/dia-mundial-lucha-contra-sida\/#breadcrumb"},"inLanguage":"en-GB","potentialAction":[{"@type":"ReadAction","target":["https:\/\/www.centralab.com.ar\/dia-mundial-lucha-contra-sida\/"]}]},{"@type":"ImageObject","inLanguage":"en-GB","@id":"https:\/\/www.centralab.com.ar\/dia-mundial-lucha-contra-sida\/#primaryimage","url":"https:\/\/www.centralab.com.ar\/wp-content\/uploads\/2021\/12\/Diciembre_Nota_1_Dia-Mundial-de-la-lucha-contra-el-SIDA.jpg","contentUrl":"https:\/\/www.centralab.com.ar\/wp-content\/uploads\/2021\/12\/Diciembre_Nota_1_Dia-Mundial-de-la-lucha-contra-el-SIDA.jpg","width":1200,"height":617,"caption":"D\u00eda Mundial de la lucha contra el SIDA"},{"@type":"BreadcrumbList","@id":"https:\/\/www.centralab.com.ar\/dia-mundial-lucha-contra-sida\/#breadcrumb","itemListElement":[{"@type":"ListItem","position":1,"name":"Inicio","item":"https:\/\/www.centralab.com.ar\/"},{"@type":"ListItem","position":2,"name":"D\u00eda Mundial de la Lucha contra el SIDA"}]},{"@type":"WebSite","@id":"https:\/\/www.centralab.com.ar\/#website","url":"https:\/\/www.centralab.com.ar\/","name":"CentraLab | Laboratorio de an\u00e1lisis cl\u00ednicos","description":"Tu laboratorio siempre cerca","publisher":{"@id":"https:\/\/www.centralab.com.ar\/#organization"},"potentialAction":[{"@type":"SearchAction","target":{"@type":"EntryPoint","urlTemplate":"https:\/\/www.centralab.com.ar\/?s={search_term_string}"},"query-input":{"@type":"PropertyValueSpecification","valueRequired":true,"valueName":"search_term_string"}}],"inLanguage":"en-GB"},{"@type":"Organization","@id":"https:\/\/www.centralab.com.ar\/#organization","name":"CentraLab - An\u00e1lisis cl\u00ednicos","url":"https:\/\/www.centralab.com.ar\/","logo":{"@type":"ImageObject","inLanguage":"en-GB","@id":"https:\/\/www.centralab.com.ar\/#\/schema\/logo\/image\/","url":"https:\/\/www.centralab.com.ar\/wp-content\/uploads\/2021\/05\/LogoCentralab-1.svg","contentUrl":"https:\/\/www.centralab.com.ar\/wp-content\/uploads\/2021\/05\/LogoCentralab-1.svg","width":1,"height":1,"caption":"CentraLab - An\u00e1lisis cl\u00ednicos"},"image":{"@id":"https:\/\/www.centralab.com.ar\/#\/schema\/logo\/image\/"},"sameAs":["https:\/\/www.facebook.com\/CentraLabAnalisisClinicos\/","https:\/\/www.instagram.com\/centralab_\/","https:\/\/www.youtube.com\/channel\/UCasI9bGmQCSQoSeKGFsceKQ"]},{"@type":"Person","@id":"https:\/\/www.centralab.com.ar\/#\/schema\/person\/fd08a1e657c59bb0978cbece7b52980b","name":"popcorntv popcorntv","url":"https:\/\/www.centralab.com.ar\/eng\/author\/popcorntv\/"}]}},"_links":{"self":[{"href":"https:\/\/www.centralab.com.ar\/eng\/wp-json\/wp\/v2\/posts\/4411","targetHints":{"allow":["GET"]}}],"collection":[{"href":"https:\/\/www.centralab.com.ar\/eng\/wp-json\/wp\/v2\/posts"}],"about":[{"href":"https:\/\/www.centralab.com.ar\/eng\/wp-json\/wp\/v2\/types\/post"}],"author":[{"embeddable":true,"href":"https:\/\/www.centralab.com.ar\/eng\/wp-json\/wp\/v2\/users\/2"}],"replies":[{"embeddable":true,"href":"https:\/\/www.centralab.com.ar\/eng\/wp-json\/wp\/v2\/comments?post=4411"}],"version-history":[{"count":3,"href":"https:\/\/www.centralab.com.ar\/eng\/wp-json\/wp\/v2\/posts\/4411\/revisions"}],"predecessor-version":[{"id":7145,"href":"https:\/\/www.centralab.com.ar\/eng\/wp-json\/wp\/v2\/posts\/4411\/revisions\/7145"}],"wp:featuredmedia":[{"embeddable":true,"href":"https:\/\/www.centralab.com.ar\/eng\/wp-json\/wp\/v2\/media\/4621"}],"wp:attachment":[{"href":"https:\/\/www.centralab.com.ar\/eng\/wp-json\/wp\/v2\/media?parent=4411"}],"wp:term":[{"taxonomy":"category","embeddable":true,"href":"https:\/\/www.centralab.com.ar\/eng\/wp-json\/wp\/v2\/categories?post=4411"},{"taxonomy":"post_tag","embeddable":true,"href":"https:\/\/www.centralab.com.ar\/eng\/wp-json\/wp\/v2\/tags?post=4411"}],"curies":[{"name":"wp","href":"https:\/\/api.w.org\/{rel}","templated":true}]}}