{"id":5249,"date":"2022-09-28T17:48:56","date_gmt":"2022-09-28T20:48:56","guid":{"rendered":"https:\/\/www.centralab.com.ar\/?p=5249"},"modified":"2022-09-28T17:48:57","modified_gmt":"2022-09-28T20:48:57","slug":"dia-mundial-del-corazon","status":"publish","type":"post","link":"https:\/\/www.centralab.com.ar\/eng\/dia-mundial-del-corazon\/","title":{"rendered":"D\u00cdA MUNDIAL DEL CORAZ\u00d3N"},"content":{"rendered":"<p>El 29 de Septiembre se conmemora el D\u00eda Mundial del Coraz\u00f3n.<\/p>\n\n\n\n<p>El cuidado de tu coraz\u00f3n est\u00e1 en tus manos. Llev\u00e1 una vida saludable y no olvides realizar los chequeos para conocer tu riesgo cardiovascular.&nbsp;<\/p>\n\n\n\n<p>Consultalo con tu m\u00e9dico y cont\u00e1 con nosotros para realizarte los estudios.<\/p>\n\n\n\n<p>En CentraLab pod\u00e9s realizarte los siguientes an\u00e1lisis:<\/p>\n\n\n\n<p>-Colesterol total<\/p>\n\n\n\n<p>-Colesterol HDL<\/p>\n\n\n\n<p>-Colesterol LDL<\/p>\n\n\n\n<p>-Triglic\u00e9ridos<\/p>","protected":false},"excerpt":{"rendered":"<p>El 29 de Septiembre se conmemora el D\u00eda Mundial del Coraz\u00f3n. El cuidado de tu coraz\u00f3n est\u00e1 en tus manos. Llev\u00e1 una vida saludable y no olvides realizar los chequeos para conocer tu riesgo cardiovascular.\u00a0<\/p>","protected":false},"author":2,"featured_media":5250,"comment_status":"closed","ping_status":"closed","sticky":false,"template":"","format":"standard","meta":{"footnotes":""},"categories":[12],"tags":[],"class_list":["post-5249","post","type-post","status-publish","format-standard","has-post-thumbnail","hentry","category-blog"],"yoast_head":"<!-- This site is optimized with the Yoast SEO plugin v25.1 - https:\/\/yoast.com\/wordpress\/plugins\/seo\/ -->\n<title>D\u00cdA MUNDIAL DEL CORAZ\u00d3N - CentraLab - Tu laboratorio siempre cerca<\/title>\n<meta name=\"robots\" content=\"index, follow, max-snippet:-1, max-image-preview:large, max-video-preview:-1\" \/>\n<link rel=\"canonical\" href=\"https:\/\/www.centralab.com.ar\/eng\/dia-mundial-del-corazon\/\" \/>\n<meta property=\"og:locale\" content=\"en_GB\" \/>\n<meta property=\"og:type\" content=\"article\" \/>\n<meta property=\"og:title\" content=\"D\u00cdA MUNDIAL DEL CORAZ\u00d3N - CentraLab - Tu laboratorio siempre cerca\" \/>\n<meta property=\"og:description\" content=\"El 29 de Septiembre se conmemora el D\u00eda Mundial del Coraz\u00f3n. El cuidado de tu coraz\u00f3n est\u00e1 en tus manos. Llev\u00e1 una vida saludable y no olvides realizar los chequeos para conocer tu riesgo cardiovascular.\u00a0\" \/>\n<meta property=\"og:url\" content=\"https:\/\/www.centralab.com.ar\/eng\/dia-mundial-del-corazon\/\" \/>\n<meta property=\"og:site_name\" content=\"CentraLab - Tu laboratorio siempre cerca\" \/>\n<meta property=\"article:publisher\" content=\"https:\/\/www.facebook.com\/CentraLabAnalisisClinicos\/\" \/>\n<meta property=\"article:published_time\" content=\"2022-09-28T20:48:56+00:00\" \/>\n<meta property=\"article:modified_time\" content=\"2022-09-28T20:48:57+00:00\" \/>\n<meta property=\"og:image\" content=\"https:\/\/www.centralab.com.ar\/wp-content\/uploads\/2022\/09\/Nota-02_Dia-del-Corazon.jpg\" \/>\n\t<meta property=\"og:image:width\" content=\"1200\" \/>\n\t<meta property=\"og:image:height\" content=\"617\" \/>\n\t<meta property=\"og:image:type\" content=\"image\/jpeg\" \/>\n<meta name=\"author\" content=\"popcorntv popcorntv\" \/>\n<meta name=\"twitter:card\" content=\"summary_large_image\" \/>\n<meta name=\"twitter:label1\" content=\"Written by\" \/>\n\t<meta name=\"twitter:data1\" content=\"popcorntv popcorntv\" \/>\n\t<meta name=\"twitter:label2\" content=\"Estimated reading time\" \/>\n\t<meta name=\"twitter:data2\" content=\"1 minute\" \/>\n<script type=\"application\/ld+json\" class=\"yoast-schema-graph\">{\"@context\":\"https:\/\/schema.org\",\"@graph\":[{\"@type\":\"Article\",\"@id\":\"https:\/\/www.centralab.com.ar\/dia-mundial-del-corazon\/#article\",\"isPartOf\":{\"@id\":\"https:\/\/www.centralab.com.ar\/dia-mundial-del-corazon\/\"},\"author\":{\"name\":\"popcorntv popcorntv\",\"@id\":\"https:\/\/www.centralab.com.ar\/#\/schema\/person\/fd08a1e657c59bb0978cbece7b52980b\"},\"headline\":\"D\u00cdA MUNDIAL DEL CORAZ\u00d3N\",\"datePublished\":\"2022-09-28T20:48:56+00:00\",\"dateModified\":\"2022-09-28T20:48:57+00:00\",\"mainEntityOfPage\":{\"@id\":\"https:\/\/www.centralab.com.ar\/dia-mundial-del-corazon\/\"},\"wordCount\":74,\"publisher\":{\"@id\":\"https:\/\/www.centralab.com.ar\/#organization\"},\"image\":{\"@id\":\"https:\/\/www.centralab.com.ar\/dia-mundial-del-corazon\/#primaryimage\"},\"thumbnailUrl\":\"https:\/\/www.centralab.com.ar\/wp-content\/uploads\/2022\/09\/Nota-02_Dia-del-Corazon.jpg\",\"articleSection\":[\"Blog\"],\"inLanguage\":\"en-GB\"},{\"@type\":\"WebPage\",\"@id\":\"https:\/\/www.centralab.com.ar\/dia-mundial-del-corazon\/\",\"url\":\"https:\/\/www.centralab.com.ar\/dia-mundial-del-corazon\/\",\"name\":\"D\u00cdA MUNDIAL DEL CORAZ\u00d3N - CentraLab - Tu laboratorio siempre cerca\",\"isPartOf\":{\"@id\":\"https:\/\/www.centralab.com.ar\/#website\"},\"primaryImageOfPage\":{\"@id\":\"https:\/\/www.centralab.com.ar\/dia-mundial-del-corazon\/#primaryimage\"},\"image\":{\"@id\":\"https:\/\/www.centralab.com.ar\/dia-mundial-del-corazon\/#primaryimage\"},\"thumbnailUrl\":\"https:\/\/www.centralab.com.ar\/wp-content\/uploads\/2022\/09\/Nota-02_Dia-del-Corazon.jpg\",\"datePublished\":\"2022-09-28T20:48:56+00:00\",\"dateModified\":\"2022-09-28T20:48:57+00:00\",\"breadcrumb\":{\"@id\":\"https:\/\/www.centralab.com.ar\/dia-mundial-del-corazon\/#breadcrumb\"},\"inLanguage\":\"en-GB\",\"potentialAction\":[{\"@type\":\"ReadAction\",\"target\":[\"https:\/\/www.centralab.com.ar\/dia-mundial-del-corazon\/\"]}]},{\"@type\":\"ImageObject\",\"inLanguage\":\"en-GB\",\"@id\":\"https:\/\/www.centralab.com.ar\/dia-mundial-del-corazon\/#primaryimage\",\"url\":\"https:\/\/www.centralab.com.ar\/wp-content\/uploads\/2022\/09\/Nota-02_Dia-del-Corazon.jpg\",\"contentUrl\":\"https:\/\/www.centralab.com.ar\/wp-content\/uploads\/2022\/09\/Nota-02_Dia-del-Corazon.jpg\",\"width\":1200,\"height\":617,\"caption\":\"Dia-del-Corazon\"},{\"@type\":\"BreadcrumbList\",\"@id\":\"https:\/\/www.centralab.com.ar\/dia-mundial-del-corazon\/#breadcrumb\",\"itemListElement\":[{\"@type\":\"ListItem\",\"position\":1,\"name\":\"Inicio\",\"item\":\"https:\/\/www.centralab.com.ar\/\"},{\"@type\":\"ListItem\",\"position\":2,\"name\":\"D\u00cdA MUNDIAL DEL CORAZ\u00d3N\"}]},{\"@type\":\"WebSite\",\"@id\":\"https:\/\/www.centralab.com.ar\/#website\",\"url\":\"https:\/\/www.centralab.com.ar\/\",\"name\":\"CentraLab | Laboratorio de an\u00e1lisis cl\u00ednicos\",\"description\":\"Tu laboratorio siempre cerca\",\"publisher\":{\"@id\":\"https:\/\/www.centralab.com.ar\/#organization\"},\"potentialAction\":[{\"@type\":\"SearchAction\",\"target\":{\"@type\":\"EntryPoint\",\"urlTemplate\":\"https:\/\/www.centralab.com.ar\/?s={search_term_string}\"},\"query-input\":{\"@type\":\"PropertyValueSpecification\",\"valueRequired\":true,\"valueName\":\"search_term_string\"}}],\"inLanguage\":\"en-GB\"},{\"@type\":\"Organization\",\"@id\":\"https:\/\/www.centralab.com.ar\/#organization\",\"name\":\"CentraLab - An\u00e1lisis cl\u00ednicos\",\"url\":\"https:\/\/www.centralab.com.ar\/\",\"logo\":{\"@type\":\"ImageObject\",\"inLanguage\":\"en-GB\",\"@id\":\"https:\/\/www.centralab.com.ar\/#\/schema\/logo\/image\/\",\"url\":\"https:\/\/www.centralab.com.ar\/wp-content\/uploads\/2021\/05\/LogoCentralab-1.svg\",\"contentUrl\":\"https:\/\/www.centralab.com.ar\/wp-content\/uploads\/2021\/05\/LogoCentralab-1.svg\",\"width\":1,\"height\":1,\"caption\":\"CentraLab - An\u00e1lisis cl\u00ednicos\"},\"image\":{\"@id\":\"https:\/\/www.centralab.com.ar\/#\/schema\/logo\/image\/\"},\"sameAs\":[\"https:\/\/www.facebook.com\/CentraLabAnalisisClinicos\/\",\"https:\/\/www.instagram.com\/centralab_\/\",\"https:\/\/www.youtube.com\/channel\/UCasI9bGmQCSQoSeKGFsceKQ\"]},{\"@type\":\"Person\",\"@id\":\"https:\/\/www.centralab.com.ar\/#\/schema\/person\/fd08a1e657c59bb0978cbece7b52980b\",\"name\":\"popcorntv popcorntv\",\"url\":\"https:\/\/www.centralab.com.ar\/eng\/author\/popcorntv\/\"}]}<\/script>\n<!-- \/ Yoast SEO plugin. -->","yoast_head_json":{"title":"D\u00cdA MUNDIAL DEL CORAZ\u00d3N - CentraLab - Tu laboratorio siempre cerca","robots":{"index":"index","follow":"follow","max-snippet":"max-snippet:-1","max-image-preview":"max-image-preview:large","max-video-preview":"max-video-preview:-1"},"canonical":"https:\/\/www.centralab.com.ar\/eng\/dia-mundial-del-corazon\/","og_locale":"en_GB","og_type":"article","og_title":"D\u00cdA MUNDIAL DEL CORAZ\u00d3N - CentraLab - Tu laboratorio siempre cerca","og_description":"El 29 de Septiembre se conmemora el D\u00eda Mundial del Coraz\u00f3n. El cuidado de tu coraz\u00f3n est\u00e1 en tus manos. Llev\u00e1 una vida saludable y no olvides realizar los chequeos para conocer tu riesgo cardiovascular.\u00a0","og_url":"https:\/\/www.centralab.com.ar\/eng\/dia-mundial-del-corazon\/","og_site_name":"CentraLab - Tu laboratorio siempre cerca","article_publisher":"https:\/\/www.facebook.com\/CentraLabAnalisisClinicos\/","article_published_time":"2022-09-28T20:48:56+00:00","article_modified_time":"2022-09-28T20:48:57+00:00","og_image":[{"width":1200,"height":617,"url":"https:\/\/www.centralab.com.ar\/wp-content\/uploads\/2022\/09\/Nota-02_Dia-del-Corazon.jpg","type":"image\/jpeg"}],"author":"popcorntv popcorntv","twitter_card":"summary_large_image","twitter_misc":{"Written by":"popcorntv popcorntv","Estimated reading time":"1 minute"},"schema":{"@context":"https:\/\/schema.org","@graph":[{"@type":"Article","@id":"https:\/\/www.centralab.com.ar\/dia-mundial-del-corazon\/#article","isPartOf":{"@id":"https:\/\/www.centralab.com.ar\/dia-mundial-del-corazon\/"},"author":{"name":"popcorntv popcorntv","@id":"https:\/\/www.centralab.com.ar\/#\/schema\/person\/fd08a1e657c59bb0978cbece7b52980b"},"headline":"D\u00cdA MUNDIAL DEL CORAZ\u00d3N","datePublished":"2022-09-28T20:48:56+00:00","dateModified":"2022-09-28T20:48:57+00:00","mainEntityOfPage":{"@id":"https:\/\/www.centralab.com.ar\/dia-mundial-del-corazon\/"},"wordCount":74,"publisher":{"@id":"https:\/\/www.centralab.com.ar\/#organization"},"image":{"@id":"https:\/\/www.centralab.com.ar\/dia-mundial-del-corazon\/#primaryimage"},"thumbnailUrl":"https:\/\/www.centralab.com.ar\/wp-content\/uploads\/2022\/09\/Nota-02_Dia-del-Corazon.jpg","articleSection":["Blog"],"inLanguage":"en-GB"},{"@type":"WebPage","@id":"https:\/\/www.centralab.com.ar\/dia-mundial-del-corazon\/","url":"https:\/\/www.centralab.com.ar\/dia-mundial-del-corazon\/","name":"D\u00cdA MUNDIAL DEL CORAZ\u00d3N - CentraLab - Tu laboratorio siempre cerca","isPartOf":{"@id":"https:\/\/www.centralab.com.ar\/#website"},"primaryImageOfPage":{"@id":"https:\/\/www.centralab.com.ar\/dia-mundial-del-corazon\/#primaryimage"},"image":{"@id":"https:\/\/www.centralab.com.ar\/dia-mundial-del-corazon\/#primaryimage"},"thumbnailUrl":"https:\/\/www.centralab.com.ar\/wp-content\/uploads\/2022\/09\/Nota-02_Dia-del-Corazon.jpg","datePublished":"2022-09-28T20:48:56+00:00","dateModified":"2022-09-28T20:48:57+00:00","breadcrumb":{"@id":"https:\/\/www.centralab.com.ar\/dia-mundial-del-corazon\/#breadcrumb"},"inLanguage":"en-GB","potentialAction":[{"@type":"ReadAction","target":["https:\/\/www.centralab.com.ar\/dia-mundial-del-corazon\/"]}]},{"@type":"ImageObject","inLanguage":"en-GB","@id":"https:\/\/www.centralab.com.ar\/dia-mundial-del-corazon\/#primaryimage","url":"https:\/\/www.centralab.com.ar\/wp-content\/uploads\/2022\/09\/Nota-02_Dia-del-Corazon.jpg","contentUrl":"https:\/\/www.centralab.com.ar\/wp-content\/uploads\/2022\/09\/Nota-02_Dia-del-Corazon.jpg","width":1200,"height":617,"caption":"Dia-del-Corazon"},{"@type":"BreadcrumbList","@id":"https:\/\/www.centralab.com.ar\/dia-mundial-del-corazon\/#breadcrumb","itemListElement":[{"@type":"ListItem","position":1,"name":"Inicio","item":"https:\/\/www.centralab.com.ar\/"},{"@type":"ListItem","position":2,"name":"D\u00cdA MUNDIAL DEL CORAZ\u00d3N"}]},{"@type":"WebSite","@id":"https:\/\/www.centralab.com.ar\/#website","url":"https:\/\/www.centralab.com.ar\/","name":"CentraLab | Laboratorio de an\u00e1lisis cl\u00ednicos","description":"Tu laboratorio siempre cerca","publisher":{"@id":"https:\/\/www.centralab.com.ar\/#organization"},"potentialAction":[{"@type":"SearchAction","target":{"@type":"EntryPoint","urlTemplate":"https:\/\/www.centralab.com.ar\/?s={search_term_string}"},"query-input":{"@type":"PropertyValueSpecification","valueRequired":true,"valueName":"search_term_string"}}],"inLanguage":"en-GB"},{"@type":"Organization","@id":"https:\/\/www.centralab.com.ar\/#organization","name":"CentraLab - An\u00e1lisis cl\u00ednicos","url":"https:\/\/www.centralab.com.ar\/","logo":{"@type":"ImageObject","inLanguage":"en-GB","@id":"https:\/\/www.centralab.com.ar\/#\/schema\/logo\/image\/","url":"https:\/\/www.centralab.com.ar\/wp-content\/uploads\/2021\/05\/LogoCentralab-1.svg","contentUrl":"https:\/\/www.centralab.com.ar\/wp-content\/uploads\/2021\/05\/LogoCentralab-1.svg","width":1,"height":1,"caption":"CentraLab - An\u00e1lisis cl\u00ednicos"},"image":{"@id":"https:\/\/www.centralab.com.ar\/#\/schema\/logo\/image\/"},"sameAs":["https:\/\/www.facebook.com\/CentraLabAnalisisClinicos\/","https:\/\/www.instagram.com\/centralab_\/","https:\/\/www.youtube.com\/channel\/UCasI9bGmQCSQoSeKGFsceKQ"]},{"@type":"Person","@id":"https:\/\/www.centralab.com.ar\/#\/schema\/person\/fd08a1e657c59bb0978cbece7b52980b","name":"popcorntv popcorntv","url":"https:\/\/www.centralab.com.ar\/eng\/author\/popcorntv\/"}]}},"_links":{"self":[{"href":"https:\/\/www.centralab.com.ar\/eng\/wp-json\/wp\/v2\/posts\/5249","targetHints":{"allow":["GET"]}}],"collection":[{"href":"https:\/\/www.centralab.com.ar\/eng\/wp-json\/wp\/v2\/posts"}],"about":[{"href":"https:\/\/www.centralab.com.ar\/eng\/wp-json\/wp\/v2\/types\/post"}],"author":[{"embeddable":true,"href":"https:\/\/www.centralab.com.ar\/eng\/wp-json\/wp\/v2\/users\/2"}],"replies":[{"embeddable":true,"href":"https:\/\/www.centralab.com.ar\/eng\/wp-json\/wp\/v2\/comments?post=5249"}],"version-history":[{"count":1,"href":"https:\/\/www.centralab.com.ar\/eng\/wp-json\/wp\/v2\/posts\/5249\/revisions"}],"predecessor-version":[{"id":5251,"href":"https:\/\/www.centralab.com.ar\/eng\/wp-json\/wp\/v2\/posts\/5249\/revisions\/5251"}],"wp:featuredmedia":[{"embeddable":true,"href":"https:\/\/www.centralab.com.ar\/eng\/wp-json\/wp\/v2\/media\/5250"}],"wp:attachment":[{"href":"https:\/\/www.centralab.com.ar\/eng\/wp-json\/wp\/v2\/media?parent=5249"}],"wp:term":[{"taxonomy":"category","embeddable":true,"href":"https:\/\/www.centralab.com.ar\/eng\/wp-json\/wp\/v2\/categories?post=5249"},{"taxonomy":"post_tag","embeddable":true,"href":"https:\/\/www.centralab.com.ar\/eng\/wp-json\/wp\/v2\/tags?post=5249"}],"curies":[{"name":"wp","href":"https:\/\/api.w.org\/{rel}","templated":true}]}}