{"id":6371,"date":"2024-06-18T11:45:44","date_gmt":"2024-06-18T14:45:44","guid":{"rendered":"https:\/\/www.centralab.com.ar\/?p=6371"},"modified":"2024-06-18T11:45:46","modified_gmt":"2024-06-18T14:45:46","slug":"cancer-de-prostata","status":"publish","type":"post","link":"https:\/\/www.centralab.com.ar\/eng\/cancer-de-prostata\/","title":{"rendered":"D\u00eda Mundial del C\u00e1ncer de Pr\u00f3stata: hacete tus chequeos"},"content":{"rendered":"<p>\u00bfCu\u00e1ndo deb\u00e9s hablar con tu m\u00e9dico sobre el c\u00e1ncer de pr\u00f3stata? Descubrilo en este video.<\/p>\n\n\n\n<figure class=\"wp-block-embed is-type-video is-provider-youtube wp-block-embed-youtube wp-embed-aspect-16-9 wp-has-aspect-ratio\"><div class=\"wp-block-embed__wrapper\">\n<iframe title=\"D\u00eda Mundial del C\u00e1ncer de Pr\u00f3stata\ud83d\udd39Hacete tus chequeos\" width=\"800\" height=\"450\" src=\"https:\/\/www.youtube.com\/embed\/enbeA-Tjk5k?feature=oembed\" frameborder=\"0\" allow=\"accelerometer; autoplay; clipboard-write; encrypted-media; gyroscope; picture-in-picture; web-share\" referrerpolicy=\"strict-origin-when-cross-origin\" allowfullscreen><\/iframe>\n<\/div><\/figure>\n\n\n\n<p>La prevenci\u00f3n marca la diferencia. Por eso, es crucial realizar un control m\u00e9dico anual si:<\/p>\n\n\n\n<ul class=\"wp-block-list\">\n<li>Sos mayor de 50 a\u00f1os con factores de riesgo bajos a moderados.<\/li>\n\n\n\n<li>Ten\u00e9s alrededor de 45 a\u00f1os y antecedentes familiares.<\/li>\n<\/ul>","protected":false},"excerpt":{"rendered":"<p>\u00bfCu\u00e1ndo deb\u00e9s hablar con tu m\u00e9dico sobre el c\u00e1ncer de pr\u00f3stata? Descubrilo en este video. La prevenci\u00f3n marca la diferencia. Por eso, es crucial realizar un control m\u00e9dico anual si:<\/p>","protected":false},"author":2,"featured_media":6372,"comment_status":"closed","ping_status":"closed","sticky":false,"template":"","format":"standard","meta":{"footnotes":""},"categories":[12],"tags":[71,20,78,80,63,44],"class_list":["post-6371","post","type-post","status-publish","format-standard","has-post-thumbnail","hentry","category-blog","tag-analisis-clinicos-3","tag-blog","tag-cancer-de-prostata","tag-cancer-de-prostata-2","tag-chequeos","tag-prevencion"],"yoast_head":"<!-- This site is optimized with the Yoast SEO plugin v25.1 - https:\/\/yoast.com\/wordpress\/plugins\/seo\/ -->\n<title>D\u00eda Mundial del C\u00e1ncer de Pr\u00f3stata: hacete tus chequeos - CentraLab - Tu laboratorio siempre cerca<\/title>\n<meta name=\"description\" content=\"\u00bfCu\u00e1ndo deb\u00e9s hablar con tu m\u00e9dico sobre el c\u00e1ncer de pr\u00f3stata? Descubrilo en este video.\" \/>\n<meta name=\"robots\" content=\"index, follow, max-snippet:-1, max-image-preview:large, max-video-preview:-1\" \/>\n<link rel=\"canonical\" href=\"https:\/\/www.centralab.com.ar\/eng\/cancer-de-prostata\/\" \/>\n<meta property=\"og:locale\" content=\"en_GB\" \/>\n<meta property=\"og:type\" content=\"article\" \/>\n<meta property=\"og:title\" content=\"D\u00eda Mundial del C\u00e1ncer de Pr\u00f3stata: hacete tus chequeos - CentraLab - Tu laboratorio siempre cerca\" \/>\n<meta property=\"og:description\" content=\"\u00bfCu\u00e1ndo deb\u00e9s hablar con tu m\u00e9dico sobre el c\u00e1ncer de pr\u00f3stata? Descubrilo en este video.\" \/>\n<meta property=\"og:url\" content=\"https:\/\/www.centralab.com.ar\/eng\/cancer-de-prostata\/\" \/>\n<meta property=\"og:site_name\" content=\"CentraLab - Tu laboratorio siempre cerca\" \/>\n<meta property=\"article:publisher\" content=\"https:\/\/www.facebook.com\/CentraLabAnalisisClinicos\/\" \/>\n<meta property=\"article:published_time\" content=\"2024-06-18T14:45:44+00:00\" \/>\n<meta property=\"article:modified_time\" content=\"2024-06-18T14:45:46+00:00\" \/>\n<meta property=\"og:image\" content=\"https:\/\/www.centralab.com.ar\/wp-content\/uploads\/2024\/06\/Dia-Mundial-del-Cancer-de-Prostata_-hacete-tus-chequeos-scaled.jpeg\" \/>\n\t<meta property=\"og:image:width\" content=\"2560\" \/>\n\t<meta property=\"og:image:height\" content=\"2183\" \/>\n\t<meta property=\"og:image:type\" content=\"image\/jpeg\" \/>\n<meta name=\"author\" content=\"popcorntv popcorntv\" \/>\n<meta name=\"twitter:card\" content=\"summary_large_image\" \/>\n<meta name=\"twitter:label1\" content=\"Written by\" \/>\n\t<meta name=\"twitter:data1\" content=\"popcorntv popcorntv\" \/>\n\t<meta name=\"twitter:label2\" content=\"Estimated reading time\" \/>\n\t<meta name=\"twitter:data2\" content=\"1 minute\" \/>\n<script type=\"application\/ld+json\" class=\"yoast-schema-graph\">{\"@context\":\"https:\/\/schema.org\",\"@graph\":[{\"@type\":\"Article\",\"@id\":\"https:\/\/www.centralab.com.ar\/cancer-de-prostata\/#article\",\"isPartOf\":{\"@id\":\"https:\/\/www.centralab.com.ar\/cancer-de-prostata\/\"},\"author\":{\"name\":\"popcorntv popcorntv\",\"@id\":\"https:\/\/www.centralab.com.ar\/#\/schema\/person\/fd08a1e657c59bb0978cbece7b52980b\"},\"headline\":\"D\u00eda Mundial del C\u00e1ncer de Pr\u00f3stata: hacete tus chequeos\",\"datePublished\":\"2024-06-18T14:45:44+00:00\",\"dateModified\":\"2024-06-18T14:45:46+00:00\",\"mainEntityOfPage\":{\"@id\":\"https:\/\/www.centralab.com.ar\/cancer-de-prostata\/\"},\"wordCount\":75,\"publisher\":{\"@id\":\"https:\/\/www.centralab.com.ar\/#organization\"},\"image\":{\"@id\":\"https:\/\/www.centralab.com.ar\/cancer-de-prostata\/#primaryimage\"},\"thumbnailUrl\":\"https:\/\/www.centralab.com.ar\/wp-content\/uploads\/2024\/06\/Dia-Mundial-del-Cancer-de-Prostata_-hacete-tus-chequeos-scaled.jpeg\",\"keywords\":[\"analisis cl\u00ednicos\",\"Blog\",\"c\u00e1ncer de prostata\",\"c\u00e1ncer de pr\u00f3stata\",\"chequeos\",\"prevencion\"],\"articleSection\":[\"Blog\"],\"inLanguage\":\"en-GB\"},{\"@type\":\"WebPage\",\"@id\":\"https:\/\/www.centralab.com.ar\/cancer-de-prostata\/\",\"url\":\"https:\/\/www.centralab.com.ar\/cancer-de-prostata\/\",\"name\":\"D\u00eda Mundial del C\u00e1ncer de Pr\u00f3stata: hacete tus chequeos - CentraLab - Tu laboratorio siempre cerca\",\"isPartOf\":{\"@id\":\"https:\/\/www.centralab.com.ar\/#website\"},\"primaryImageOfPage\":{\"@id\":\"https:\/\/www.centralab.com.ar\/cancer-de-prostata\/#primaryimage\"},\"image\":{\"@id\":\"https:\/\/www.centralab.com.ar\/cancer-de-prostata\/#primaryimage\"},\"thumbnailUrl\":\"https:\/\/www.centralab.com.ar\/wp-content\/uploads\/2024\/06\/Dia-Mundial-del-Cancer-de-Prostata_-hacete-tus-chequeos-scaled.jpeg\",\"datePublished\":\"2024-06-18T14:45:44+00:00\",\"dateModified\":\"2024-06-18T14:45:46+00:00\",\"description\":\"\u00bfCu\u00e1ndo deb\u00e9s hablar con tu m\u00e9dico sobre el c\u00e1ncer de pr\u00f3stata? Descubrilo en este video.\",\"breadcrumb\":{\"@id\":\"https:\/\/www.centralab.com.ar\/cancer-de-prostata\/#breadcrumb\"},\"inLanguage\":\"en-GB\",\"potentialAction\":[{\"@type\":\"ReadAction\",\"target\":[\"https:\/\/www.centralab.com.ar\/cancer-de-prostata\/\"]}]},{\"@type\":\"ImageObject\",\"inLanguage\":\"en-GB\",\"@id\":\"https:\/\/www.centralab.com.ar\/cancer-de-prostata\/#primaryimage\",\"url\":\"https:\/\/www.centralab.com.ar\/wp-content\/uploads\/2024\/06\/Dia-Mundial-del-Cancer-de-Prostata_-hacete-tus-chequeos-scaled.jpeg\",\"contentUrl\":\"https:\/\/www.centralab.com.ar\/wp-content\/uploads\/2024\/06\/Dia-Mundial-del-Cancer-de-Prostata_-hacete-tus-chequeos-scaled.jpeg\",\"width\":2560,\"height\":2183,\"caption\":\"Prostate Cancer Awareness. Doctor man holding light Blue Ribbon for supporting people living and illness. Men Healthcare and World cancer day concept\"},{\"@type\":\"BreadcrumbList\",\"@id\":\"https:\/\/www.centralab.com.ar\/cancer-de-prostata\/#breadcrumb\",\"itemListElement\":[{\"@type\":\"ListItem\",\"position\":1,\"name\":\"Inicio\",\"item\":\"https:\/\/www.centralab.com.ar\/\"},{\"@type\":\"ListItem\",\"position\":2,\"name\":\"D\u00eda Mundial del C\u00e1ncer de Pr\u00f3stata: hacete tus chequeos\"}]},{\"@type\":\"WebSite\",\"@id\":\"https:\/\/www.centralab.com.ar\/#website\",\"url\":\"https:\/\/www.centralab.com.ar\/\",\"name\":\"CentraLab | Laboratorio de an\u00e1lisis cl\u00ednicos\",\"description\":\"Tu laboratorio siempre cerca\",\"publisher\":{\"@id\":\"https:\/\/www.centralab.com.ar\/#organization\"},\"potentialAction\":[{\"@type\":\"SearchAction\",\"target\":{\"@type\":\"EntryPoint\",\"urlTemplate\":\"https:\/\/www.centralab.com.ar\/?s={search_term_string}\"},\"query-input\":{\"@type\":\"PropertyValueSpecification\",\"valueRequired\":true,\"valueName\":\"search_term_string\"}}],\"inLanguage\":\"en-GB\"},{\"@type\":\"Organization\",\"@id\":\"https:\/\/www.centralab.com.ar\/#organization\",\"name\":\"CentraLab - An\u00e1lisis cl\u00ednicos\",\"url\":\"https:\/\/www.centralab.com.ar\/\",\"logo\":{\"@type\":\"ImageObject\",\"inLanguage\":\"en-GB\",\"@id\":\"https:\/\/www.centralab.com.ar\/#\/schema\/logo\/image\/\",\"url\":\"https:\/\/www.centralab.com.ar\/wp-content\/uploads\/2021\/05\/LogoCentralab-1.svg\",\"contentUrl\":\"https:\/\/www.centralab.com.ar\/wp-content\/uploads\/2021\/05\/LogoCentralab-1.svg\",\"width\":1,\"height\":1,\"caption\":\"CentraLab - An\u00e1lisis cl\u00ednicos\"},\"image\":{\"@id\":\"https:\/\/www.centralab.com.ar\/#\/schema\/logo\/image\/\"},\"sameAs\":[\"https:\/\/www.facebook.com\/CentraLabAnalisisClinicos\/\",\"https:\/\/www.instagram.com\/centralab_\/\",\"https:\/\/www.youtube.com\/channel\/UCasI9bGmQCSQoSeKGFsceKQ\"]},{\"@type\":\"Person\",\"@id\":\"https:\/\/www.centralab.com.ar\/#\/schema\/person\/fd08a1e657c59bb0978cbece7b52980b\",\"name\":\"popcorntv popcorntv\",\"url\":\"https:\/\/www.centralab.com.ar\/eng\/author\/popcorntv\/\"}]}<\/script>\n<!-- \/ Yoast SEO plugin. -->","yoast_head_json":{"title":"D\u00eda Mundial del C\u00e1ncer de Pr\u00f3stata: hacete tus chequeos - CentraLab - Tu laboratorio siempre cerca","description":"\u00bfCu\u00e1ndo deb\u00e9s hablar con tu m\u00e9dico sobre el c\u00e1ncer de pr\u00f3stata? Descubrilo en este video.","robots":{"index":"index","follow":"follow","max-snippet":"max-snippet:-1","max-image-preview":"max-image-preview:large","max-video-preview":"max-video-preview:-1"},"canonical":"https:\/\/www.centralab.com.ar\/eng\/cancer-de-prostata\/","og_locale":"en_GB","og_type":"article","og_title":"D\u00eda Mundial del C\u00e1ncer de Pr\u00f3stata: hacete tus chequeos - CentraLab - Tu laboratorio siempre cerca","og_description":"\u00bfCu\u00e1ndo deb\u00e9s hablar con tu m\u00e9dico sobre el c\u00e1ncer de pr\u00f3stata? Descubrilo en este video.","og_url":"https:\/\/www.centralab.com.ar\/eng\/cancer-de-prostata\/","og_site_name":"CentraLab - Tu laboratorio siempre cerca","article_publisher":"https:\/\/www.facebook.com\/CentraLabAnalisisClinicos\/","article_published_time":"2024-06-18T14:45:44+00:00","article_modified_time":"2024-06-18T14:45:46+00:00","og_image":[{"width":2560,"height":2183,"url":"https:\/\/www.centralab.com.ar\/wp-content\/uploads\/2024\/06\/Dia-Mundial-del-Cancer-de-Prostata_-hacete-tus-chequeos-scaled.jpeg","type":"image\/jpeg"}],"author":"popcorntv popcorntv","twitter_card":"summary_large_image","twitter_misc":{"Written by":"popcorntv popcorntv","Estimated reading time":"1 minute"},"schema":{"@context":"https:\/\/schema.org","@graph":[{"@type":"Article","@id":"https:\/\/www.centralab.com.ar\/cancer-de-prostata\/#article","isPartOf":{"@id":"https:\/\/www.centralab.com.ar\/cancer-de-prostata\/"},"author":{"name":"popcorntv popcorntv","@id":"https:\/\/www.centralab.com.ar\/#\/schema\/person\/fd08a1e657c59bb0978cbece7b52980b"},"headline":"D\u00eda Mundial del C\u00e1ncer de Pr\u00f3stata: hacete tus chequeos","datePublished":"2024-06-18T14:45:44+00:00","dateModified":"2024-06-18T14:45:46+00:00","mainEntityOfPage":{"@id":"https:\/\/www.centralab.com.ar\/cancer-de-prostata\/"},"wordCount":75,"publisher":{"@id":"https:\/\/www.centralab.com.ar\/#organization"},"image":{"@id":"https:\/\/www.centralab.com.ar\/cancer-de-prostata\/#primaryimage"},"thumbnailUrl":"https:\/\/www.centralab.com.ar\/wp-content\/uploads\/2024\/06\/Dia-Mundial-del-Cancer-de-Prostata_-hacete-tus-chequeos-scaled.jpeg","keywords":["analisis cl\u00ednicos","Blog","c\u00e1ncer de prostata","c\u00e1ncer de pr\u00f3stata","chequeos","prevencion"],"articleSection":["Blog"],"inLanguage":"en-GB"},{"@type":"WebPage","@id":"https:\/\/www.centralab.com.ar\/cancer-de-prostata\/","url":"https:\/\/www.centralab.com.ar\/cancer-de-prostata\/","name":"D\u00eda Mundial del C\u00e1ncer de Pr\u00f3stata: hacete tus chequeos - CentraLab - Tu laboratorio siempre cerca","isPartOf":{"@id":"https:\/\/www.centralab.com.ar\/#website"},"primaryImageOfPage":{"@id":"https:\/\/www.centralab.com.ar\/cancer-de-prostata\/#primaryimage"},"image":{"@id":"https:\/\/www.centralab.com.ar\/cancer-de-prostata\/#primaryimage"},"thumbnailUrl":"https:\/\/www.centralab.com.ar\/wp-content\/uploads\/2024\/06\/Dia-Mundial-del-Cancer-de-Prostata_-hacete-tus-chequeos-scaled.jpeg","datePublished":"2024-06-18T14:45:44+00:00","dateModified":"2024-06-18T14:45:46+00:00","description":"\u00bfCu\u00e1ndo deb\u00e9s hablar con tu m\u00e9dico sobre el c\u00e1ncer de pr\u00f3stata? Descubrilo en este video.","breadcrumb":{"@id":"https:\/\/www.centralab.com.ar\/cancer-de-prostata\/#breadcrumb"},"inLanguage":"en-GB","potentialAction":[{"@type":"ReadAction","target":["https:\/\/www.centralab.com.ar\/cancer-de-prostata\/"]}]},{"@type":"ImageObject","inLanguage":"en-GB","@id":"https:\/\/www.centralab.com.ar\/cancer-de-prostata\/#primaryimage","url":"https:\/\/www.centralab.com.ar\/wp-content\/uploads\/2024\/06\/Dia-Mundial-del-Cancer-de-Prostata_-hacete-tus-chequeos-scaled.jpeg","contentUrl":"https:\/\/www.centralab.com.ar\/wp-content\/uploads\/2024\/06\/Dia-Mundial-del-Cancer-de-Prostata_-hacete-tus-chequeos-scaled.jpeg","width":2560,"height":2183,"caption":"Prostate Cancer Awareness. Doctor man holding light Blue Ribbon for supporting people living and illness. Men Healthcare and World cancer day concept"},{"@type":"BreadcrumbList","@id":"https:\/\/www.centralab.com.ar\/cancer-de-prostata\/#breadcrumb","itemListElement":[{"@type":"ListItem","position":1,"name":"Inicio","item":"https:\/\/www.centralab.com.ar\/"},{"@type":"ListItem","position":2,"name":"D\u00eda Mundial del C\u00e1ncer de Pr\u00f3stata: hacete tus chequeos"}]},{"@type":"WebSite","@id":"https:\/\/www.centralab.com.ar\/#website","url":"https:\/\/www.centralab.com.ar\/","name":"CentraLab | Laboratorio de an\u00e1lisis cl\u00ednicos","description":"Tu laboratorio siempre cerca","publisher":{"@id":"https:\/\/www.centralab.com.ar\/#organization"},"potentialAction":[{"@type":"SearchAction","target":{"@type":"EntryPoint","urlTemplate":"https:\/\/www.centralab.com.ar\/?s={search_term_string}"},"query-input":{"@type":"PropertyValueSpecification","valueRequired":true,"valueName":"search_term_string"}}],"inLanguage":"en-GB"},{"@type":"Organization","@id":"https:\/\/www.centralab.com.ar\/#organization","name":"CentraLab - An\u00e1lisis cl\u00ednicos","url":"https:\/\/www.centralab.com.ar\/","logo":{"@type":"ImageObject","inLanguage":"en-GB","@id":"https:\/\/www.centralab.com.ar\/#\/schema\/logo\/image\/","url":"https:\/\/www.centralab.com.ar\/wp-content\/uploads\/2021\/05\/LogoCentralab-1.svg","contentUrl":"https:\/\/www.centralab.com.ar\/wp-content\/uploads\/2021\/05\/LogoCentralab-1.svg","width":1,"height":1,"caption":"CentraLab - An\u00e1lisis cl\u00ednicos"},"image":{"@id":"https:\/\/www.centralab.com.ar\/#\/schema\/logo\/image\/"},"sameAs":["https:\/\/www.facebook.com\/CentraLabAnalisisClinicos\/","https:\/\/www.instagram.com\/centralab_\/","https:\/\/www.youtube.com\/channel\/UCasI9bGmQCSQoSeKGFsceKQ"]},{"@type":"Person","@id":"https:\/\/www.centralab.com.ar\/#\/schema\/person\/fd08a1e657c59bb0978cbece7b52980b","name":"popcorntv popcorntv","url":"https:\/\/www.centralab.com.ar\/eng\/author\/popcorntv\/"}]}},"_links":{"self":[{"href":"https:\/\/www.centralab.com.ar\/eng\/wp-json\/wp\/v2\/posts\/6371","targetHints":{"allow":["GET"]}}],"collection":[{"href":"https:\/\/www.centralab.com.ar\/eng\/wp-json\/wp\/v2\/posts"}],"about":[{"href":"https:\/\/www.centralab.com.ar\/eng\/wp-json\/wp\/v2\/types\/post"}],"author":[{"embeddable":true,"href":"https:\/\/www.centralab.com.ar\/eng\/wp-json\/wp\/v2\/users\/2"}],"replies":[{"embeddable":true,"href":"https:\/\/www.centralab.com.ar\/eng\/wp-json\/wp\/v2\/comments?post=6371"}],"version-history":[{"count":1,"href":"https:\/\/www.centralab.com.ar\/eng\/wp-json\/wp\/v2\/posts\/6371\/revisions"}],"predecessor-version":[{"id":6373,"href":"https:\/\/www.centralab.com.ar\/eng\/wp-json\/wp\/v2\/posts\/6371\/revisions\/6373"}],"wp:featuredmedia":[{"embeddable":true,"href":"https:\/\/www.centralab.com.ar\/eng\/wp-json\/wp\/v2\/media\/6372"}],"wp:attachment":[{"href":"https:\/\/www.centralab.com.ar\/eng\/wp-json\/wp\/v2\/media?parent=6371"}],"wp:term":[{"taxonomy":"category","embeddable":true,"href":"https:\/\/www.centralab.com.ar\/eng\/wp-json\/wp\/v2\/categories?post=6371"},{"taxonomy":"post_tag","embeddable":true,"href":"https:\/\/www.centralab.com.ar\/eng\/wp-json\/wp\/v2\/tags?post=6371"}],"curies":[{"name":"wp","href":"https:\/\/api.w.org\/{rel}","templated":true}]}}