{"id":7132,"date":"2025-09-19T13:02:46","date_gmt":"2025-09-19T16:02:46","guid":{"rendered":"https:\/\/www.centralab.com.ar\/?p=7132"},"modified":"2025-09-19T13:03:34","modified_gmt":"2025-09-19T16:03:34","slug":"congestion-que-no-se-va-podria-ser-alergia-estacional","status":"publish","type":"post","link":"https:\/\/www.centralab.com.ar\/eng\/congestion-que-no-se-va-podria-ser-alergia-estacional\/","title":{"rendered":"\u00bfCongesti\u00f3n que no se va? Podr\u00eda ser alergia estacional"},"content":{"rendered":"<p>\u00bfSent\u00eds que la congesti\u00f3n nasal, los estornudos o la picaz\u00f3n de ojos no desaparecen, especialmente en primavera? Tal vez no se trate solo del cambio de clima o una gripe pasajera: podr\u00edas estar frente a una <strong>alergia estacional<\/strong>.<\/p>\n\n\n\n<h3 class=\"wp-block-heading\"><strong>\u00bfQu\u00e9 son las alergias estacionales?<\/strong><\/h3>\n\n\n\n<p>Las alergias estacionales son reacciones del sistema inmunol\u00f3gico ante sustancias presentes en el ambiente, como el <strong>polen<\/strong>, el <strong>polvo<\/strong> o los <strong>hongos<\/strong>, que se intensifican en ciertas \u00e9pocas del a\u00f1o. Suelen afectar las v\u00edas respiratorias y pueden confundirse f\u00e1cilmente con un resfr\u00edo com\u00fan.<\/p>\n\n\n\n<h3 class=\"wp-block-heading\"><strong>\u00bfC\u00f3mo puedo saber si tengo alergia?<\/strong><\/h3>\n\n\n\n<p>A diferencia de otras afecciones, las alergias estacionales pueden persistir durante semanas o aparecer de manera c\u00edclica. Para detectarlas con precisi\u00f3n, existen estudios de laboratorio como el <strong>an\u00e1lisis de IgE (inmunoglobulina E)<\/strong>, que permite identificar si tu organismo est\u00e1 reaccionando ante determinados al\u00e9rgenos.<\/p>\n\n\n\n<h3 class=\"wp-block-heading\"><strong>\u00bfQu\u00e9 es el an\u00e1lisis de IgE?<\/strong><\/h3>\n\n\n\n<p>Es un an\u00e1lisis de sangre que mide los niveles de esta inmunoglobulina, una prote\u00edna que el cuerpo produce como respuesta a ciertos al\u00e9rgenos. Su resultado puede orientar al m\u00e9dico para determinar si est\u00e1s frente a una alergia y cu\u00e1les son los posibles desencadenantes.<\/p>\n\n\n\n<h3 class=\"wp-block-heading\"><strong>\u00bfD\u00f3nde puedo hacerme este an\u00e1lisis?<\/strong><\/h3>\n\n\n\n<p>En <strong>CentraLab<\/strong>, pod\u00e9s realizarte el estudio de IgE en cualquiera de nuestras sedes, <strong>sin necesidad de turno previo<\/strong>. Adem\u00e1s, si prefer\u00eds no trasladarte, contamos con un servicio de <strong>extracci\u00f3n a domicilio<\/strong> en CABA para que puedas hacerte tus estudios con comodidad.<\/p>\n\n\n\n<p><strong>Consult\u00e1 con tu m\u00e9dico de confianza y realiz\u00e1 tus an\u00e1lisis.<\/strong><strong><br><\/strong>Una detecci\u00f3n temprana puede ayudarte a vivir mejor, sin molestias y con mayor control sobre tu salud.<\/p>\n\n\n\n<p><\/p>","protected":false},"excerpt":{"rendered":"<p>\u00bfSent\u00eds que la congesti\u00f3n nasal, los estornudos o la picaz\u00f3n de ojos no desaparecen, especialmente en primavera? Tal vez no se trate solo del cambio de clima o una gripe pasajera: podr\u00edas estar frente a una alergia estacional. \u00bfQu\u00e9 son las alergias estacionales? Las alergias estacionales son reacciones del sistema inmunol\u00f3gico ante sustancias presentes en [&hellip;]<\/p>","protected":false},"author":2,"featured_media":7133,"comment_status":"closed","ping_status":"closed","sticky":false,"template":"","format":"standard","meta":{"footnotes":""},"categories":[12],"tags":[48,21,63],"class_list":["post-7132","post","type-post","status-publish","format-standard","has-post-thumbnail","hentry","category-blog","tag-analisis-clinicos","tag-centralab","tag-chequeos"],"yoast_head":"<!-- This site is optimized with the Yoast SEO plugin v25.1 - https:\/\/yoast.com\/wordpress\/plugins\/seo\/ -->\n<title>\u00bfCongesti\u00f3n que no se va? Podr\u00eda ser alergia estacional - CentraLab - Tu laboratorio siempre cerca<\/title>\n<meta name=\"robots\" content=\"index, follow, max-snippet:-1, max-image-preview:large, max-video-preview:-1\" \/>\n<link rel=\"canonical\" href=\"https:\/\/www.centralab.com.ar\/eng\/congestion-que-no-se-va-podria-ser-alergia-estacional\/\" \/>\n<meta property=\"og:locale\" content=\"en_GB\" \/>\n<meta property=\"og:type\" content=\"article\" \/>\n<meta property=\"og:title\" content=\"\u00bfCongesti\u00f3n que no se va? Podr\u00eda ser alergia estacional - CentraLab - Tu laboratorio siempre cerca\" \/>\n<meta property=\"og:description\" content=\"\u00bfSent\u00eds que la congesti\u00f3n nasal, los estornudos o la picaz\u00f3n de ojos no desaparecen, especialmente en primavera? Tal vez no se trate solo del cambio de clima o una gripe pasajera: podr\u00edas estar frente a una alergia estacional. \u00bfQu\u00e9 son las alergias estacionales? Las alergias estacionales son reacciones del sistema inmunol\u00f3gico ante sustancias presentes en [&hellip;]\" \/>\n<meta property=\"og:url\" content=\"https:\/\/www.centralab.com.ar\/eng\/congestion-que-no-se-va-podria-ser-alergia-estacional\/\" \/>\n<meta property=\"og:site_name\" content=\"CentraLab - Tu laboratorio siempre cerca\" \/>\n<meta property=\"article:publisher\" content=\"https:\/\/www.facebook.com\/CentraLabAnalisisClinicos\/\" \/>\n<meta property=\"article:published_time\" content=\"2025-09-19T16:02:46+00:00\" \/>\n<meta property=\"article:modified_time\" content=\"2025-09-19T16:03:34+00:00\" \/>\n<meta property=\"og:image\" content=\"https:\/\/www.centralab.com.ar\/wp-content\/uploads\/2025\/09\/Alergias-scaled.png\" \/>\n\t<meta property=\"og:image:width\" content=\"2560\" \/>\n\t<meta property=\"og:image:height\" content=\"1280\" \/>\n\t<meta property=\"og:image:type\" content=\"image\/png\" \/>\n<meta name=\"author\" content=\"popcorntv popcorntv\" \/>\n<meta name=\"twitter:card\" content=\"summary_large_image\" \/>\n<meta name=\"twitter:label1\" content=\"Written by\" \/>\n\t<meta name=\"twitter:data1\" content=\"popcorntv popcorntv\" \/>\n\t<meta name=\"twitter:label2\" content=\"Estimated reading time\" \/>\n\t<meta name=\"twitter:data2\" content=\"2 minutes\" \/>\n<script type=\"application\/ld+json\" class=\"yoast-schema-graph\">{\"@context\":\"https:\/\/schema.org\",\"@graph\":[{\"@type\":\"Article\",\"@id\":\"https:\/\/www.centralab.com.ar\/congestion-que-no-se-va-podria-ser-alergia-estacional\/#article\",\"isPartOf\":{\"@id\":\"https:\/\/www.centralab.com.ar\/congestion-que-no-se-va-podria-ser-alergia-estacional\/\"},\"author\":{\"name\":\"popcorntv popcorntv\",\"@id\":\"https:\/\/www.centralab.com.ar\/#\/schema\/person\/fd08a1e657c59bb0978cbece7b52980b\"},\"headline\":\"\u00bfCongesti\u00f3n que no se va? Podr\u00eda ser alergia estacional\",\"datePublished\":\"2025-09-19T16:02:46+00:00\",\"dateModified\":\"2025-09-19T16:03:34+00:00\",\"mainEntityOfPage\":{\"@id\":\"https:\/\/www.centralab.com.ar\/congestion-que-no-se-va-podria-ser-alergia-estacional\/\"},\"wordCount\":299,\"publisher\":{\"@id\":\"https:\/\/www.centralab.com.ar\/#organization\"},\"image\":{\"@id\":\"https:\/\/www.centralab.com.ar\/congestion-que-no-se-va-podria-ser-alergia-estacional\/#primaryimage\"},\"thumbnailUrl\":\"https:\/\/www.centralab.com.ar\/wp-content\/uploads\/2025\/09\/Alergias-scaled.png\",\"keywords\":[\"an\u00e1lisis cl\u00ednicos\",\"CentraLab\",\"chequeos\"],\"articleSection\":[\"Blog\"],\"inLanguage\":\"en-GB\"},{\"@type\":\"WebPage\",\"@id\":\"https:\/\/www.centralab.com.ar\/congestion-que-no-se-va-podria-ser-alergia-estacional\/\",\"url\":\"https:\/\/www.centralab.com.ar\/congestion-que-no-se-va-podria-ser-alergia-estacional\/\",\"name\":\"\u00bfCongesti\u00f3n que no se va? Podr\u00eda ser alergia estacional - CentraLab - Tu laboratorio siempre cerca\",\"isPartOf\":{\"@id\":\"https:\/\/www.centralab.com.ar\/#website\"},\"primaryImageOfPage\":{\"@id\":\"https:\/\/www.centralab.com.ar\/congestion-que-no-se-va-podria-ser-alergia-estacional\/#primaryimage\"},\"image\":{\"@id\":\"https:\/\/www.centralab.com.ar\/congestion-que-no-se-va-podria-ser-alergia-estacional\/#primaryimage\"},\"thumbnailUrl\":\"https:\/\/www.centralab.com.ar\/wp-content\/uploads\/2025\/09\/Alergias-scaled.png\",\"datePublished\":\"2025-09-19T16:02:46+00:00\",\"dateModified\":\"2025-09-19T16:03:34+00:00\",\"breadcrumb\":{\"@id\":\"https:\/\/www.centralab.com.ar\/congestion-que-no-se-va-podria-ser-alergia-estacional\/#breadcrumb\"},\"inLanguage\":\"en-GB\",\"potentialAction\":[{\"@type\":\"ReadAction\",\"target\":[\"https:\/\/www.centralab.com.ar\/congestion-que-no-se-va-podria-ser-alergia-estacional\/\"]}]},{\"@type\":\"ImageObject\",\"inLanguage\":\"en-GB\",\"@id\":\"https:\/\/www.centralab.com.ar\/congestion-que-no-se-va-podria-ser-alergia-estacional\/#primaryimage\",\"url\":\"https:\/\/www.centralab.com.ar\/wp-content\/uploads\/2025\/09\/Alergias-scaled.png\",\"contentUrl\":\"https:\/\/www.centralab.com.ar\/wp-content\/uploads\/2025\/09\/Alergias-scaled.png\",\"width\":2560,\"height\":1280},{\"@type\":\"BreadcrumbList\",\"@id\":\"https:\/\/www.centralab.com.ar\/congestion-que-no-se-va-podria-ser-alergia-estacional\/#breadcrumb\",\"itemListElement\":[{\"@type\":\"ListItem\",\"position\":1,\"name\":\"Inicio\",\"item\":\"https:\/\/www.centralab.com.ar\/\"},{\"@type\":\"ListItem\",\"position\":2,\"name\":\"\u00bfCongesti\u00f3n que no se va? Podr\u00eda ser alergia estacional\"}]},{\"@type\":\"WebSite\",\"@id\":\"https:\/\/www.centralab.com.ar\/#website\",\"url\":\"https:\/\/www.centralab.com.ar\/\",\"name\":\"CentraLab | Laboratorio de an\u00e1lisis cl\u00ednicos\",\"description\":\"Tu laboratorio siempre cerca\",\"publisher\":{\"@id\":\"https:\/\/www.centralab.com.ar\/#organization\"},\"potentialAction\":[{\"@type\":\"SearchAction\",\"target\":{\"@type\":\"EntryPoint\",\"urlTemplate\":\"https:\/\/www.centralab.com.ar\/?s={search_term_string}\"},\"query-input\":{\"@type\":\"PropertyValueSpecification\",\"valueRequired\":true,\"valueName\":\"search_term_string\"}}],\"inLanguage\":\"en-GB\"},{\"@type\":\"Organization\",\"@id\":\"https:\/\/www.centralab.com.ar\/#organization\",\"name\":\"CentraLab - An\u00e1lisis cl\u00ednicos\",\"url\":\"https:\/\/www.centralab.com.ar\/\",\"logo\":{\"@type\":\"ImageObject\",\"inLanguage\":\"en-GB\",\"@id\":\"https:\/\/www.centralab.com.ar\/#\/schema\/logo\/image\/\",\"url\":\"https:\/\/www.centralab.com.ar\/wp-content\/uploads\/2021\/05\/LogoCentralab-1.svg\",\"contentUrl\":\"https:\/\/www.centralab.com.ar\/wp-content\/uploads\/2021\/05\/LogoCentralab-1.svg\",\"width\":1,\"height\":1,\"caption\":\"CentraLab - An\u00e1lisis cl\u00ednicos\"},\"image\":{\"@id\":\"https:\/\/www.centralab.com.ar\/#\/schema\/logo\/image\/\"},\"sameAs\":[\"https:\/\/www.facebook.com\/CentraLabAnalisisClinicos\/\",\"https:\/\/www.instagram.com\/centralab_\/\",\"https:\/\/www.youtube.com\/channel\/UCasI9bGmQCSQoSeKGFsceKQ\"]},{\"@type\":\"Person\",\"@id\":\"https:\/\/www.centralab.com.ar\/#\/schema\/person\/fd08a1e657c59bb0978cbece7b52980b\",\"name\":\"popcorntv popcorntv\",\"url\":\"https:\/\/www.centralab.com.ar\/eng\/author\/popcorntv\/\"}]}<\/script>\n<!-- \/ Yoast SEO plugin. -->","yoast_head_json":{"title":"\u00bfCongesti\u00f3n que no se va? Podr\u00eda ser alergia estacional - CentraLab - Tu laboratorio siempre cerca","robots":{"index":"index","follow":"follow","max-snippet":"max-snippet:-1","max-image-preview":"max-image-preview:large","max-video-preview":"max-video-preview:-1"},"canonical":"https:\/\/www.centralab.com.ar\/eng\/congestion-que-no-se-va-podria-ser-alergia-estacional\/","og_locale":"en_GB","og_type":"article","og_title":"\u00bfCongesti\u00f3n que no se va? Podr\u00eda ser alergia estacional - CentraLab - Tu laboratorio siempre cerca","og_description":"\u00bfSent\u00eds que la congesti\u00f3n nasal, los estornudos o la picaz\u00f3n de ojos no desaparecen, especialmente en primavera? Tal vez no se trate solo del cambio de clima o una gripe pasajera: podr\u00edas estar frente a una alergia estacional. \u00bfQu\u00e9 son las alergias estacionales? Las alergias estacionales son reacciones del sistema inmunol\u00f3gico ante sustancias presentes en [&hellip;]","og_url":"https:\/\/www.centralab.com.ar\/eng\/congestion-que-no-se-va-podria-ser-alergia-estacional\/","og_site_name":"CentraLab - Tu laboratorio siempre cerca","article_publisher":"https:\/\/www.facebook.com\/CentraLabAnalisisClinicos\/","article_published_time":"2025-09-19T16:02:46+00:00","article_modified_time":"2025-09-19T16:03:34+00:00","og_image":[{"width":2560,"height":1280,"url":"https:\/\/www.centralab.com.ar\/wp-content\/uploads\/2025\/09\/Alergias-scaled.png","type":"image\/png"}],"author":"popcorntv popcorntv","twitter_card":"summary_large_image","twitter_misc":{"Written by":"popcorntv popcorntv","Estimated reading time":"2 minutes"},"schema":{"@context":"https:\/\/schema.org","@graph":[{"@type":"Article","@id":"https:\/\/www.centralab.com.ar\/congestion-que-no-se-va-podria-ser-alergia-estacional\/#article","isPartOf":{"@id":"https:\/\/www.centralab.com.ar\/congestion-que-no-se-va-podria-ser-alergia-estacional\/"},"author":{"name":"popcorntv popcorntv","@id":"https:\/\/www.centralab.com.ar\/#\/schema\/person\/fd08a1e657c59bb0978cbece7b52980b"},"headline":"\u00bfCongesti\u00f3n que no se va? Podr\u00eda ser alergia estacional","datePublished":"2025-09-19T16:02:46+00:00","dateModified":"2025-09-19T16:03:34+00:00","mainEntityOfPage":{"@id":"https:\/\/www.centralab.com.ar\/congestion-que-no-se-va-podria-ser-alergia-estacional\/"},"wordCount":299,"publisher":{"@id":"https:\/\/www.centralab.com.ar\/#organization"},"image":{"@id":"https:\/\/www.centralab.com.ar\/congestion-que-no-se-va-podria-ser-alergia-estacional\/#primaryimage"},"thumbnailUrl":"https:\/\/www.centralab.com.ar\/wp-content\/uploads\/2025\/09\/Alergias-scaled.png","keywords":["an\u00e1lisis cl\u00ednicos","CentraLab","chequeos"],"articleSection":["Blog"],"inLanguage":"en-GB"},{"@type":"WebPage","@id":"https:\/\/www.centralab.com.ar\/congestion-que-no-se-va-podria-ser-alergia-estacional\/","url":"https:\/\/www.centralab.com.ar\/congestion-que-no-se-va-podria-ser-alergia-estacional\/","name":"\u00bfCongesti\u00f3n que no se va? Podr\u00eda ser alergia estacional - CentraLab - Tu laboratorio siempre cerca","isPartOf":{"@id":"https:\/\/www.centralab.com.ar\/#website"},"primaryImageOfPage":{"@id":"https:\/\/www.centralab.com.ar\/congestion-que-no-se-va-podria-ser-alergia-estacional\/#primaryimage"},"image":{"@id":"https:\/\/www.centralab.com.ar\/congestion-que-no-se-va-podria-ser-alergia-estacional\/#primaryimage"},"thumbnailUrl":"https:\/\/www.centralab.com.ar\/wp-content\/uploads\/2025\/09\/Alergias-scaled.png","datePublished":"2025-09-19T16:02:46+00:00","dateModified":"2025-09-19T16:03:34+00:00","breadcrumb":{"@id":"https:\/\/www.centralab.com.ar\/congestion-que-no-se-va-podria-ser-alergia-estacional\/#breadcrumb"},"inLanguage":"en-GB","potentialAction":[{"@type":"ReadAction","target":["https:\/\/www.centralab.com.ar\/congestion-que-no-se-va-podria-ser-alergia-estacional\/"]}]},{"@type":"ImageObject","inLanguage":"en-GB","@id":"https:\/\/www.centralab.com.ar\/congestion-que-no-se-va-podria-ser-alergia-estacional\/#primaryimage","url":"https:\/\/www.centralab.com.ar\/wp-content\/uploads\/2025\/09\/Alergias-scaled.png","contentUrl":"https:\/\/www.centralab.com.ar\/wp-content\/uploads\/2025\/09\/Alergias-scaled.png","width":2560,"height":1280},{"@type":"BreadcrumbList","@id":"https:\/\/www.centralab.com.ar\/congestion-que-no-se-va-podria-ser-alergia-estacional\/#breadcrumb","itemListElement":[{"@type":"ListItem","position":1,"name":"Inicio","item":"https:\/\/www.centralab.com.ar\/"},{"@type":"ListItem","position":2,"name":"\u00bfCongesti\u00f3n que no se va? Podr\u00eda ser alergia estacional"}]},{"@type":"WebSite","@id":"https:\/\/www.centralab.com.ar\/#website","url":"https:\/\/www.centralab.com.ar\/","name":"CentraLab | Laboratorio de an\u00e1lisis cl\u00ednicos","description":"Tu laboratorio siempre cerca","publisher":{"@id":"https:\/\/www.centralab.com.ar\/#organization"},"potentialAction":[{"@type":"SearchAction","target":{"@type":"EntryPoint","urlTemplate":"https:\/\/www.centralab.com.ar\/?s={search_term_string}"},"query-input":{"@type":"PropertyValueSpecification","valueRequired":true,"valueName":"search_term_string"}}],"inLanguage":"en-GB"},{"@type":"Organization","@id":"https:\/\/www.centralab.com.ar\/#organization","name":"CentraLab - An\u00e1lisis cl\u00ednicos","url":"https:\/\/www.centralab.com.ar\/","logo":{"@type":"ImageObject","inLanguage":"en-GB","@id":"https:\/\/www.centralab.com.ar\/#\/schema\/logo\/image\/","url":"https:\/\/www.centralab.com.ar\/wp-content\/uploads\/2021\/05\/LogoCentralab-1.svg","contentUrl":"https:\/\/www.centralab.com.ar\/wp-content\/uploads\/2021\/05\/LogoCentralab-1.svg","width":1,"height":1,"caption":"CentraLab - An\u00e1lisis cl\u00ednicos"},"image":{"@id":"https:\/\/www.centralab.com.ar\/#\/schema\/logo\/image\/"},"sameAs":["https:\/\/www.facebook.com\/CentraLabAnalisisClinicos\/","https:\/\/www.instagram.com\/centralab_\/","https:\/\/www.youtube.com\/channel\/UCasI9bGmQCSQoSeKGFsceKQ"]},{"@type":"Person","@id":"https:\/\/www.centralab.com.ar\/#\/schema\/person\/fd08a1e657c59bb0978cbece7b52980b","name":"popcorntv popcorntv","url":"https:\/\/www.centralab.com.ar\/eng\/author\/popcorntv\/"}]}},"_links":{"self":[{"href":"https:\/\/www.centralab.com.ar\/eng\/wp-json\/wp\/v2\/posts\/7132","targetHints":{"allow":["GET"]}}],"collection":[{"href":"https:\/\/www.centralab.com.ar\/eng\/wp-json\/wp\/v2\/posts"}],"about":[{"href":"https:\/\/www.centralab.com.ar\/eng\/wp-json\/wp\/v2\/types\/post"}],"author":[{"embeddable":true,"href":"https:\/\/www.centralab.com.ar\/eng\/wp-json\/wp\/v2\/users\/2"}],"replies":[{"embeddable":true,"href":"https:\/\/www.centralab.com.ar\/eng\/wp-json\/wp\/v2\/comments?post=7132"}],"version-history":[{"count":3,"href":"https:\/\/www.centralab.com.ar\/eng\/wp-json\/wp\/v2\/posts\/7132\/revisions"}],"predecessor-version":[{"id":7136,"href":"https:\/\/www.centralab.com.ar\/eng\/wp-json\/wp\/v2\/posts\/7132\/revisions\/7136"}],"wp:featuredmedia":[{"embeddable":true,"href":"https:\/\/www.centralab.com.ar\/eng\/wp-json\/wp\/v2\/media\/7133"}],"wp:attachment":[{"href":"https:\/\/www.centralab.com.ar\/eng\/wp-json\/wp\/v2\/media?parent=7132"}],"wp:term":[{"taxonomy":"category","embeddable":true,"href":"https:\/\/www.centralab.com.ar\/eng\/wp-json\/wp\/v2\/categories?post=7132"},{"taxonomy":"post_tag","embeddable":true,"href":"https:\/\/www.centralab.com.ar\/eng\/wp-json\/wp\/v2\/tags?post=7132"}],"curies":[{"name":"wp","href":"https:\/\/api.w.org\/{rel}","templated":true}]}}