{"id":7209,"date":"2026-01-12T10:01:32","date_gmt":"2026-01-12T13:01:32","guid":{"rendered":"https:\/\/www.centralab.com.ar\/?p=7209"},"modified":"2026-01-12T10:01:33","modified_gmt":"2026-01-12T13:01:33","slug":"onicomicosis-verano","status":"publish","type":"post","link":"https:\/\/www.centralab.com.ar\/eng\/onicomicosis-verano\/","title":{"rendered":"Onicomicosis: \u00bfpor qu\u00e9 el verano puede aumentar el riesgo?"},"content":{"rendered":"<p>Durante el verano, pasamos m\u00e1s tiempo descalzos, usamos calzado cerrado con m\u00e1s transpiraci\u00f3n, y frecuentamos piletas, vestuarios y playas. Todo eso crea el ambiente perfecto para la aparici\u00f3n de <strong>onicomicosis<\/strong>, una infecci\u00f3n mic\u00f3tica que afecta las u\u00f1as de manos o pies.<\/p>\n\n\n\n<p>El aumento de la humedad, el calor y el contacto con superficies contaminadas son factores que favorecen la proliferaci\u00f3n de hongos. Por eso, esta \u00e9poca del a\u00f1o exige <strong>mayor prevenci\u00f3n y atenci\u00f3n a los cambios en nuestras u\u00f1as<\/strong>.<\/p>\n\n\n\n<p>\u00bfC\u00f3mo se contagia?<\/p>\n\n\n\n<p>Los hongos que causan la onicomicosis se encuentran en ambientes h\u00famedos como piletas, duchas p\u00fablicas o gimnasios. Tambi\u00e9n puede aparecer tras golpes, microtraumatismos o el uso prolongado de calzado cerrado y poco ventilado.<\/p>\n\n\n\n<p>Compartir utensilios de pedicura, calzado o toallas tambi\u00e9n aumenta el riesgo.<\/p>\n\n\n\n<hr class=\"wp-block-separator has-alpha-channel-opacity\" \/>\n\n\n\n<p>Se\u00f1ales a las que deb\u00e9s estar atento<\/p>\n\n\n\n<p>Algunos s\u00edntomas frecuentes son:<\/p>\n\n\n\n<ul class=\"wp-block-list\">\n<li>Cambios de coloraci\u00f3n (amarillenta, blanquecina o marr\u00f3n).<br><\/li>\n\n\n\n<li>Engrosamiento o fragilidad de la u\u00f1a.<br><\/li>\n\n\n\n<li>U\u00f1as quebradizas, deformadas o que se despegan del lecho ungueal.<br><\/li>\n\n\n\n<li>En algunos casos, mal olor o molestias al caminar.<br><\/li>\n<\/ul>\n\n\n\n<hr class=\"wp-block-separator has-alpha-channel-opacity\" \/>\n\n\n\n<p>\u00bfC\u00f3mo se puede prevenir?<\/p>\n\n\n\n<p>Durante el verano, es fundamental adoptar medidas simples pero efectivas:<\/p>\n\n\n\n<p>\u2714\ufe0f Sec\u00e1 bien tus pies despu\u00e9s del ba\u00f1o, especialmente entre los dedos.<br>\u2714\ufe0f Us\u00e1 calzado que permita respirar y evit\u00e1 los materiales sint\u00e9ticos.<br>\u2714\ufe0f No compartas herramientas de pedicura, toallas ni calzado.<br>\u2714\ufe0f Us\u00e1 ojotas en vestuarios, piletas o duchas p\u00fablicas.<br>\u2714\ufe0f Manten\u00e9 las u\u00f1as limpias, cortas y bien cuidadas.<\/p>\n\n\n\n<hr class=\"wp-block-separator has-alpha-channel-opacity\" \/>\n\n\n\n<p>\u00bfCu\u00e1l es el rol del laboratorio?<\/p>\n\n\n\n<p>Ante la sospecha de onicomicosis, es importante <strong>no autodiagnosticarse ni aplicar tratamientos sin indicaci\u00f3n m\u00e9dica<\/strong>. Muchas veces, otras afecciones (como psoriasis o traumatismos) pueden simular hongos en las u\u00f1as.<\/p>\n\n\n\n<p>\ud83d\udc49 Si el m\u00e9dico lo indica, en <strong>CentraLab realizamos el cultivo micol\u00f3gico de u\u00f1a<\/strong>, un estudio que permite identificar si existe una infecci\u00f3n por hongos y determinar cu\u00e1l es el agente causante.<\/p>\n\n\n\n<p>Este an\u00e1lisis requiere una preparaci\u00f3n previa: es fundamental seguir las indicaciones del laboratorio para garantizar la calidad de la muestra.<\/p>\n\n\n\n<hr class=\"wp-block-separator has-alpha-channel-opacity\" \/>\n\n\n\n<p>Este verano, disfrut\u00e1 con prevenci\u00f3n<\/p>\n\n\n\n<p>Cuidar tus pies tambi\u00e9n es parte de tu salud general.<br>Consult\u00e1 con tu m\u00e9dico ante cualquier s\u00edntoma, y si necesit\u00e1s hacerte estudios, cont\u00e1 con CentraLab para un diagn\u00f3stico preciso y confiable.<\/p>","protected":false},"excerpt":{"rendered":"<p>Durante el verano, pasamos m\u00e1s tiempo descalzos, usamos calzado cerrado con m\u00e1s transpiraci\u00f3n, y frecuentamos piletas, vestuarios y playas. Todo eso crea el ambiente perfecto para la aparici\u00f3n de onicomicosis, una infecci\u00f3n mic\u00f3tica que afecta las u\u00f1as de manos o pies. El aumento de la humedad, el calor y el contacto con superficies contaminadas son [&hellip;]<\/p>","protected":false},"author":2,"featured_media":7210,"comment_status":"closed","ping_status":"closed","sticky":false,"template":"","format":"standard","meta":{"footnotes":""},"categories":[12],"tags":[48,71,20,21,63,45,42,39,113],"class_list":["post-7209","post","type-post","status-publish","format-standard","has-post-thumbnail","hentry","category-blog","tag-analisis-clinicos","tag-analisis-clinicos-3","tag-blog","tag-centralab","tag-chequeos","tag-hongos","tag-onicomicosis","tag-pies","tag-verano"],"yoast_head":"<!-- This site is optimized with the Yoast SEO plugin v25.1 - https:\/\/yoast.com\/wordpress\/plugins\/seo\/ -->\n<title>Onicomicosis: \u00bfpor qu\u00e9 el verano puede aumentar el riesgo? - CentraLab - Tu laboratorio siempre cerca<\/title>\n<meta name=\"robots\" content=\"index, follow, max-snippet:-1, max-image-preview:large, max-video-preview:-1\" \/>\n<link rel=\"canonical\" href=\"https:\/\/www.centralab.com.ar\/eng\/onicomicosis-verano\/\" \/>\n<meta property=\"og:locale\" content=\"en_GB\" \/>\n<meta property=\"og:type\" content=\"article\" \/>\n<meta property=\"og:title\" content=\"Onicomicosis: \u00bfpor qu\u00e9 el verano puede aumentar el riesgo? - CentraLab - Tu laboratorio siempre cerca\" \/>\n<meta property=\"og:description\" content=\"Durante el verano, pasamos m\u00e1s tiempo descalzos, usamos calzado cerrado con m\u00e1s transpiraci\u00f3n, y frecuentamos piletas, vestuarios y playas. Todo eso crea el ambiente perfecto para la aparici\u00f3n de onicomicosis, una infecci\u00f3n mic\u00f3tica que afecta las u\u00f1as de manos o pies. El aumento de la humedad, el calor y el contacto con superficies contaminadas son [&hellip;]\" \/>\n<meta property=\"og:url\" content=\"https:\/\/www.centralab.com.ar\/eng\/onicomicosis-verano\/\" \/>\n<meta property=\"og:site_name\" content=\"CentraLab - Tu laboratorio siempre cerca\" \/>\n<meta property=\"article:publisher\" content=\"https:\/\/www.facebook.com\/CentraLabAnalisisClinicos\/\" \/>\n<meta property=\"article:published_time\" content=\"2026-01-12T13:01:32+00:00\" \/>\n<meta property=\"article:modified_time\" content=\"2026-01-12T13:01:33+00:00\" \/>\n<meta property=\"og:image\" content=\"https:\/\/www.centralab.com.ar\/wp-content\/uploads\/2025\/12\/Blog-Enero_1.jpg\" \/>\n\t<meta property=\"og:image:width\" content=\"1200\" \/>\n\t<meta property=\"og:image:height\" content=\"617\" \/>\n\t<meta property=\"og:image:type\" content=\"image\/jpeg\" \/>\n<meta name=\"author\" content=\"popcorntv popcorntv\" \/>\n<meta name=\"twitter:card\" content=\"summary_large_image\" \/>\n<meta name=\"twitter:label1\" content=\"Written by\" \/>\n\t<meta name=\"twitter:data1\" content=\"popcorntv popcorntv\" \/>\n\t<meta name=\"twitter:label2\" content=\"Estimated reading time\" \/>\n\t<meta name=\"twitter:data2\" content=\"2 minutes\" \/>\n<script type=\"application\/ld+json\" class=\"yoast-schema-graph\">{\"@context\":\"https:\/\/schema.org\",\"@graph\":[{\"@type\":\"Article\",\"@id\":\"https:\/\/www.centralab.com.ar\/onicomicosis-verano\/#article\",\"isPartOf\":{\"@id\":\"https:\/\/www.centralab.com.ar\/onicomicosis-verano\/\"},\"author\":{\"name\":\"popcorntv popcorntv\",\"@id\":\"https:\/\/www.centralab.com.ar\/#\/schema\/person\/fd08a1e657c59bb0978cbece7b52980b\"},\"headline\":\"Onicomicosis: \u00bfpor qu\u00e9 el verano puede aumentar el riesgo?\",\"datePublished\":\"2026-01-12T13:01:32+00:00\",\"dateModified\":\"2026-01-12T13:01:33+00:00\",\"mainEntityOfPage\":{\"@id\":\"https:\/\/www.centralab.com.ar\/onicomicosis-verano\/\"},\"wordCount\":406,\"publisher\":{\"@id\":\"https:\/\/www.centralab.com.ar\/#organization\"},\"image\":{\"@id\":\"https:\/\/www.centralab.com.ar\/onicomicosis-verano\/#primaryimage\"},\"thumbnailUrl\":\"https:\/\/www.centralab.com.ar\/wp-content\/uploads\/2025\/12\/Blog-Enero_1.jpg\",\"keywords\":[\"an\u00e1lisis cl\u00ednicos\",\"analisis cl\u00ednicos\",\"Blog\",\"CentraLab\",\"chequeos\",\"hongos\",\"onicomicosis\",\"pies\",\"verano\"],\"articleSection\":[\"Blog\"],\"inLanguage\":\"en-GB\"},{\"@type\":\"WebPage\",\"@id\":\"https:\/\/www.centralab.com.ar\/onicomicosis-verano\/\",\"url\":\"https:\/\/www.centralab.com.ar\/onicomicosis-verano\/\",\"name\":\"Onicomicosis: \u00bfpor qu\u00e9 el verano puede aumentar el riesgo? - CentraLab - Tu laboratorio siempre cerca\",\"isPartOf\":{\"@id\":\"https:\/\/www.centralab.com.ar\/#website\"},\"primaryImageOfPage\":{\"@id\":\"https:\/\/www.centralab.com.ar\/onicomicosis-verano\/#primaryimage\"},\"image\":{\"@id\":\"https:\/\/www.centralab.com.ar\/onicomicosis-verano\/#primaryimage\"},\"thumbnailUrl\":\"https:\/\/www.centralab.com.ar\/wp-content\/uploads\/2025\/12\/Blog-Enero_1.jpg\",\"datePublished\":\"2026-01-12T13:01:32+00:00\",\"dateModified\":\"2026-01-12T13:01:33+00:00\",\"breadcrumb\":{\"@id\":\"https:\/\/www.centralab.com.ar\/onicomicosis-verano\/#breadcrumb\"},\"inLanguage\":\"en-GB\",\"potentialAction\":[{\"@type\":\"ReadAction\",\"target\":[\"https:\/\/www.centralab.com.ar\/onicomicosis-verano\/\"]}]},{\"@type\":\"ImageObject\",\"inLanguage\":\"en-GB\",\"@id\":\"https:\/\/www.centralab.com.ar\/onicomicosis-verano\/#primaryimage\",\"url\":\"https:\/\/www.centralab.com.ar\/wp-content\/uploads\/2025\/12\/Blog-Enero_1.jpg\",\"contentUrl\":\"https:\/\/www.centralab.com.ar\/wp-content\/uploads\/2025\/12\/Blog-Enero_1.jpg\",\"width\":1200,\"height\":617},{\"@type\":\"BreadcrumbList\",\"@id\":\"https:\/\/www.centralab.com.ar\/onicomicosis-verano\/#breadcrumb\",\"itemListElement\":[{\"@type\":\"ListItem\",\"position\":1,\"name\":\"Inicio\",\"item\":\"https:\/\/www.centralab.com.ar\/\"},{\"@type\":\"ListItem\",\"position\":2,\"name\":\"Onicomicosis: \u00bfpor qu\u00e9 el verano puede aumentar el riesgo?\"}]},{\"@type\":\"WebSite\",\"@id\":\"https:\/\/www.centralab.com.ar\/#website\",\"url\":\"https:\/\/www.centralab.com.ar\/\",\"name\":\"CentraLab | Laboratorio de an\u00e1lisis cl\u00ednicos\",\"description\":\"Tu laboratorio siempre cerca\",\"publisher\":{\"@id\":\"https:\/\/www.centralab.com.ar\/#organization\"},\"potentialAction\":[{\"@type\":\"SearchAction\",\"target\":{\"@type\":\"EntryPoint\",\"urlTemplate\":\"https:\/\/www.centralab.com.ar\/?s={search_term_string}\"},\"query-input\":{\"@type\":\"PropertyValueSpecification\",\"valueRequired\":true,\"valueName\":\"search_term_string\"}}],\"inLanguage\":\"en-GB\"},{\"@type\":\"Organization\",\"@id\":\"https:\/\/www.centralab.com.ar\/#organization\",\"name\":\"CentraLab - An\u00e1lisis cl\u00ednicos\",\"url\":\"https:\/\/www.centralab.com.ar\/\",\"logo\":{\"@type\":\"ImageObject\",\"inLanguage\":\"en-GB\",\"@id\":\"https:\/\/www.centralab.com.ar\/#\/schema\/logo\/image\/\",\"url\":\"https:\/\/www.centralab.com.ar\/wp-content\/uploads\/2021\/05\/LogoCentralab-1.svg\",\"contentUrl\":\"https:\/\/www.centralab.com.ar\/wp-content\/uploads\/2021\/05\/LogoCentralab-1.svg\",\"width\":1,\"height\":1,\"caption\":\"CentraLab - An\u00e1lisis cl\u00ednicos\"},\"image\":{\"@id\":\"https:\/\/www.centralab.com.ar\/#\/schema\/logo\/image\/\"},\"sameAs\":[\"https:\/\/www.facebook.com\/CentraLabAnalisisClinicos\/\",\"https:\/\/www.instagram.com\/centralab_\/\",\"https:\/\/www.youtube.com\/channel\/UCasI9bGmQCSQoSeKGFsceKQ\"]},{\"@type\":\"Person\",\"@id\":\"https:\/\/www.centralab.com.ar\/#\/schema\/person\/fd08a1e657c59bb0978cbece7b52980b\",\"name\":\"popcorntv popcorntv\",\"url\":\"https:\/\/www.centralab.com.ar\/eng\/author\/popcorntv\/\"}]}<\/script>\n<!-- \/ Yoast SEO plugin. -->","yoast_head_json":{"title":"Onicomicosis: \u00bfpor qu\u00e9 el verano puede aumentar el riesgo? - CentraLab - Tu laboratorio siempre cerca","robots":{"index":"index","follow":"follow","max-snippet":"max-snippet:-1","max-image-preview":"max-image-preview:large","max-video-preview":"max-video-preview:-1"},"canonical":"https:\/\/www.centralab.com.ar\/eng\/onicomicosis-verano\/","og_locale":"en_GB","og_type":"article","og_title":"Onicomicosis: \u00bfpor qu\u00e9 el verano puede aumentar el riesgo? - CentraLab - Tu laboratorio siempre cerca","og_description":"Durante el verano, pasamos m\u00e1s tiempo descalzos, usamos calzado cerrado con m\u00e1s transpiraci\u00f3n, y frecuentamos piletas, vestuarios y playas. Todo eso crea el ambiente perfecto para la aparici\u00f3n de onicomicosis, una infecci\u00f3n mic\u00f3tica que afecta las u\u00f1as de manos o pies. El aumento de la humedad, el calor y el contacto con superficies contaminadas son [&hellip;]","og_url":"https:\/\/www.centralab.com.ar\/eng\/onicomicosis-verano\/","og_site_name":"CentraLab - Tu laboratorio siempre cerca","article_publisher":"https:\/\/www.facebook.com\/CentraLabAnalisisClinicos\/","article_published_time":"2026-01-12T13:01:32+00:00","article_modified_time":"2026-01-12T13:01:33+00:00","og_image":[{"width":1200,"height":617,"url":"https:\/\/www.centralab.com.ar\/wp-content\/uploads\/2025\/12\/Blog-Enero_1.jpg","type":"image\/jpeg"}],"author":"popcorntv popcorntv","twitter_card":"summary_large_image","twitter_misc":{"Written by":"popcorntv popcorntv","Estimated reading time":"2 minutes"},"schema":{"@context":"https:\/\/schema.org","@graph":[{"@type":"Article","@id":"https:\/\/www.centralab.com.ar\/onicomicosis-verano\/#article","isPartOf":{"@id":"https:\/\/www.centralab.com.ar\/onicomicosis-verano\/"},"author":{"name":"popcorntv popcorntv","@id":"https:\/\/www.centralab.com.ar\/#\/schema\/person\/fd08a1e657c59bb0978cbece7b52980b"},"headline":"Onicomicosis: \u00bfpor qu\u00e9 el verano puede aumentar el riesgo?","datePublished":"2026-01-12T13:01:32+00:00","dateModified":"2026-01-12T13:01:33+00:00","mainEntityOfPage":{"@id":"https:\/\/www.centralab.com.ar\/onicomicosis-verano\/"},"wordCount":406,"publisher":{"@id":"https:\/\/www.centralab.com.ar\/#organization"},"image":{"@id":"https:\/\/www.centralab.com.ar\/onicomicosis-verano\/#primaryimage"},"thumbnailUrl":"https:\/\/www.centralab.com.ar\/wp-content\/uploads\/2025\/12\/Blog-Enero_1.jpg","keywords":["an\u00e1lisis cl\u00ednicos","analisis cl\u00ednicos","Blog","CentraLab","chequeos","hongos","onicomicosis","pies","verano"],"articleSection":["Blog"],"inLanguage":"en-GB"},{"@type":"WebPage","@id":"https:\/\/www.centralab.com.ar\/onicomicosis-verano\/","url":"https:\/\/www.centralab.com.ar\/onicomicosis-verano\/","name":"Onicomicosis: \u00bfpor qu\u00e9 el verano puede aumentar el riesgo? - CentraLab - Tu laboratorio siempre cerca","isPartOf":{"@id":"https:\/\/www.centralab.com.ar\/#website"},"primaryImageOfPage":{"@id":"https:\/\/www.centralab.com.ar\/onicomicosis-verano\/#primaryimage"},"image":{"@id":"https:\/\/www.centralab.com.ar\/onicomicosis-verano\/#primaryimage"},"thumbnailUrl":"https:\/\/www.centralab.com.ar\/wp-content\/uploads\/2025\/12\/Blog-Enero_1.jpg","datePublished":"2026-01-12T13:01:32+00:00","dateModified":"2026-01-12T13:01:33+00:00","breadcrumb":{"@id":"https:\/\/www.centralab.com.ar\/onicomicosis-verano\/#breadcrumb"},"inLanguage":"en-GB","potentialAction":[{"@type":"ReadAction","target":["https:\/\/www.centralab.com.ar\/onicomicosis-verano\/"]}]},{"@type":"ImageObject","inLanguage":"en-GB","@id":"https:\/\/www.centralab.com.ar\/onicomicosis-verano\/#primaryimage","url":"https:\/\/www.centralab.com.ar\/wp-content\/uploads\/2025\/12\/Blog-Enero_1.jpg","contentUrl":"https:\/\/www.centralab.com.ar\/wp-content\/uploads\/2025\/12\/Blog-Enero_1.jpg","width":1200,"height":617},{"@type":"BreadcrumbList","@id":"https:\/\/www.centralab.com.ar\/onicomicosis-verano\/#breadcrumb","itemListElement":[{"@type":"ListItem","position":1,"name":"Inicio","item":"https:\/\/www.centralab.com.ar\/"},{"@type":"ListItem","position":2,"name":"Onicomicosis: \u00bfpor qu\u00e9 el verano puede aumentar el riesgo?"}]},{"@type":"WebSite","@id":"https:\/\/www.centralab.com.ar\/#website","url":"https:\/\/www.centralab.com.ar\/","name":"CentraLab | Laboratorio de an\u00e1lisis cl\u00ednicos","description":"Tu laboratorio siempre cerca","publisher":{"@id":"https:\/\/www.centralab.com.ar\/#organization"},"potentialAction":[{"@type":"SearchAction","target":{"@type":"EntryPoint","urlTemplate":"https:\/\/www.centralab.com.ar\/?s={search_term_string}"},"query-input":{"@type":"PropertyValueSpecification","valueRequired":true,"valueName":"search_term_string"}}],"inLanguage":"en-GB"},{"@type":"Organization","@id":"https:\/\/www.centralab.com.ar\/#organization","name":"CentraLab - An\u00e1lisis cl\u00ednicos","url":"https:\/\/www.centralab.com.ar\/","logo":{"@type":"ImageObject","inLanguage":"en-GB","@id":"https:\/\/www.centralab.com.ar\/#\/schema\/logo\/image\/","url":"https:\/\/www.centralab.com.ar\/wp-content\/uploads\/2021\/05\/LogoCentralab-1.svg","contentUrl":"https:\/\/www.centralab.com.ar\/wp-content\/uploads\/2021\/05\/LogoCentralab-1.svg","width":1,"height":1,"caption":"CentraLab - An\u00e1lisis cl\u00ednicos"},"image":{"@id":"https:\/\/www.centralab.com.ar\/#\/schema\/logo\/image\/"},"sameAs":["https:\/\/www.facebook.com\/CentraLabAnalisisClinicos\/","https:\/\/www.instagram.com\/centralab_\/","https:\/\/www.youtube.com\/channel\/UCasI9bGmQCSQoSeKGFsceKQ"]},{"@type":"Person","@id":"https:\/\/www.centralab.com.ar\/#\/schema\/person\/fd08a1e657c59bb0978cbece7b52980b","name":"popcorntv popcorntv","url":"https:\/\/www.centralab.com.ar\/eng\/author\/popcorntv\/"}]}},"_links":{"self":[{"href":"https:\/\/www.centralab.com.ar\/eng\/wp-json\/wp\/v2\/posts\/7209","targetHints":{"allow":["GET"]}}],"collection":[{"href":"https:\/\/www.centralab.com.ar\/eng\/wp-json\/wp\/v2\/posts"}],"about":[{"href":"https:\/\/www.centralab.com.ar\/eng\/wp-json\/wp\/v2\/types\/post"}],"author":[{"embeddable":true,"href":"https:\/\/www.centralab.com.ar\/eng\/wp-json\/wp\/v2\/users\/2"}],"replies":[{"embeddable":true,"href":"https:\/\/www.centralab.com.ar\/eng\/wp-json\/wp\/v2\/comments?post=7209"}],"version-history":[{"count":1,"href":"https:\/\/www.centralab.com.ar\/eng\/wp-json\/wp\/v2\/posts\/7209\/revisions"}],"predecessor-version":[{"id":7211,"href":"https:\/\/www.centralab.com.ar\/eng\/wp-json\/wp\/v2\/posts\/7209\/revisions\/7211"}],"wp:featuredmedia":[{"embeddable":true,"href":"https:\/\/www.centralab.com.ar\/eng\/wp-json\/wp\/v2\/media\/7210"}],"wp:attachment":[{"href":"https:\/\/www.centralab.com.ar\/eng\/wp-json\/wp\/v2\/media?parent=7209"}],"wp:term":[{"taxonomy":"category","embeddable":true,"href":"https:\/\/www.centralab.com.ar\/eng\/wp-json\/wp\/v2\/categories?post=7209"},{"taxonomy":"post_tag","embeddable":true,"href":"https:\/\/www.centralab.com.ar\/eng\/wp-json\/wp\/v2\/tags?post=7209"}],"curies":[{"name":"wp","href":"https:\/\/api.w.org\/{rel}","templated":true}]}}