{"id":7272,"date":"2026-02-04T10:00:00","date_gmt":"2026-02-04T13:00:00","guid":{"rendered":"https:\/\/www.centralab.com.ar\/?p=7272"},"modified":"2026-02-05T15:18:26","modified_gmt":"2026-02-05T18:18:26","slug":"dia-mundial-contra-el-cancer-la-prevencion-empieza-por-un-control-a-tiempo","status":"publish","type":"post","link":"https:\/\/www.centralab.com.ar\/eng\/dia-mundial-contra-el-cancer-la-prevencion-empieza-por-un-control-a-tiempo\/","title":{"rendered":"D\u00eda Mundial contra el C\u00e1ncer: la prevenci\u00f3n empieza por un control a tiempo"},"content":{"rendered":"<p>Cada <strong>D\u00eda Mundial contra el C\u00e1ncer<\/strong> es una oportunidad para reforzar un mensaje clave: <strong>la detecci\u00f3n temprana salva vidas<\/strong>. Incorporar controles peri\u00f3dicos como parte del cuidado de la salud permite identificar alteraciones a tiempo y acompa\u00f1ar de manera adecuada la evaluaci\u00f3n m\u00e9dica.<\/p>\n\n\n\n<p>La prevenci\u00f3n no se limita a una fecha puntual. Es un h\u00e1bito que se construye con informaci\u00f3n, seguimiento y decisiones conscientes a lo largo de la vida.<\/p>\n\n\n\n<h2 class=\"wp-block-heading\"><strong>\u00bfQu\u00e9 significa detecci\u00f3n temprana?<\/strong><\/h2>\n\n\n\n<p>Detectar una enfermedad en etapas iniciales aumenta significativamente las posibilidades de tratamiento y mejora el pron\u00f3stico. En muchos casos, el c\u00e1ncer puede desarrollarse sin s\u00edntomas evidentes en sus primeras fases, por lo que los <strong>controles regulares<\/strong> se vuelven una herramienta fundamental.<\/p>\n\n\n\n<p>Detectar a tiempo permite:<\/p>\n\n\n\n<ul class=\"wp-block-list\">\n<li>Iniciar tratamientos de forma oportuna.<br><\/li>\n\n\n\n<li>Reducir complicaciones.<br><\/li>\n\n\n\n<li>Mejorar la calidad de vida.<br><\/li>\n\n\n\n<li>Acompa\u00f1ar el seguimiento m\u00e9dico de manera personalizada.<br><\/li>\n<\/ul>\n\n\n\n<h2 class=\"wp-block-heading\"><strong>\u00bfQu\u00e9 rol cumplen los an\u00e1lisis cl\u00ednicos en la prevenci\u00f3n?<\/strong><\/h2>\n\n\n\n<p>Los <strong>chequeos de laboratorio<\/strong> forman parte de la evaluaci\u00f3n integral de la salud. A trav\u00e9s de distintos estudios, es posible detectar indicadores que requieren seguimiento o estudios complementarios, siempre seg\u00fan indicaci\u00f3n m\u00e9dica.<\/p>\n\n\n\n<p><strong>Realizar controles peri\u00f3dicos permite:<\/strong><\/p>\n\n\n\n<ul class=\"wp-block-list\">\n<li>Conocer el estado general de salud.<br><\/li>\n\n\n\n<li>Identificar alteraciones que no presentan s\u00edntomas.<br><\/li>\n\n\n\n<li>Acompa\u00f1ar la prevenci\u00f3n y el diagn\u00f3stico temprano.<br><\/li>\n<\/ul>\n\n\n\n<p>Los an\u00e1lisis cl\u00ednicos no reemplazan la consulta m\u00e9dica, pero son una herramienta clave para brindar informaci\u00f3n confiable y oportuna.<\/p>\n\n\n\n<h2 class=\"wp-block-heading\"><strong>\u00bfCada cu\u00e1nto es recomendable realizar controles?<\/strong><\/h2>\n\n\n\n<p>La frecuencia de los controles depende de la edad, antecedentes personales y familiares, y de la evaluaci\u00f3n m\u00e9dica. Incorporarlos como h\u00e1bito permite anticiparse y tomar decisiones informadas.<\/p>\n\n\n\n<p>Adoptar una actitud preventiva implica:<\/p>\n\n\n\n<ul class=\"wp-block-list\">\n<li>Realizar controles de salud de manera regular.<br><\/li>\n\n\n\n<li>Consultar al m\u00e9dico ante cambios o s\u00edntomas persistentes.<br><\/li>\n\n\n\n<li>Mantener h\u00e1bitos saludables que acompa\u00f1en el bienestar general.<br><\/li>\n<\/ul>\n\n\n\n<p>La prevenci\u00f3n es un proceso continuo, que se fortalece con el acceso a informaci\u00f3n clara y con el acompa\u00f1amiento de equipos profesionales.<\/p>\n\n\n\n<h2 class=\"wp-block-heading\">Un mensaje para hoy y para todos los d\u00edas<\/h2>\n\n\n\n<p>En este <strong>D\u00eda Mundial contra el C\u00e1ncer<\/strong>, reforzamos la importancia de la prevenci\u00f3n y del control regular como parte del cuidado cotidiano. Cuidarte tambi\u00e9n es anticiparte, informarte y consultar a tiempo.<\/p>\n\n\n\n<p>Estamos cerca para acompa\u00f1arte en cada paso, con informaci\u00f3n clara y controles confiables.<\/p>","protected":false},"excerpt":{"rendered":"<p>Cada D\u00eda Mundial contra el C\u00e1ncer es una oportunidad para reforzar un mensaje clave: la detecci\u00f3n temprana salva vidas. Incorporar controles peri\u00f3dicos como parte del cuidado de la salud permite identificar alteraciones a tiempo y acompa\u00f1ar de manera adecuada la evaluaci\u00f3n m\u00e9dica. La prevenci\u00f3n no se limita a una fecha puntual. Es un h\u00e1bito que [&hellip;]<\/p>","protected":false},"author":2,"featured_media":7273,"comment_status":"closed","ping_status":"closed","sticky":false,"template":"","format":"standard","meta":{"footnotes":""},"categories":[12],"tags":[71,48,120,21,63,44,121],"class_list":["post-7272","post","type-post","status-publish","format-standard","has-post-thumbnail","hentry","category-blog","tag-analisis-clinicos-3","tag-analisis-clinicos","tag-cancer-2","tag-centralab","tag-chequeos","tag-prevencion","tag-vida"],"yoast_head":"<!-- This site is optimized with the Yoast SEO plugin v25.1 - https:\/\/yoast.com\/wordpress\/plugins\/seo\/ -->\n<title>D\u00eda Mundial contra el C\u00e1ncer: la prevenci\u00f3n empieza por un control a tiempo - CentraLab - Tu laboratorio siempre cerca<\/title>\n<meta name=\"robots\" content=\"index, follow, max-snippet:-1, max-image-preview:large, max-video-preview:-1\" \/>\n<link rel=\"canonical\" href=\"https:\/\/www.centralab.com.ar\/eng\/dia-mundial-contra-el-cancer-la-prevencion-empieza-por-un-control-a-tiempo\/\" \/>\n<meta property=\"og:locale\" content=\"en_GB\" \/>\n<meta property=\"og:type\" content=\"article\" \/>\n<meta property=\"og:title\" content=\"D\u00eda Mundial contra el C\u00e1ncer: la prevenci\u00f3n empieza por un control a tiempo - CentraLab - Tu laboratorio siempre cerca\" \/>\n<meta property=\"og:description\" content=\"Cada D\u00eda Mundial contra el C\u00e1ncer es una oportunidad para reforzar un mensaje clave: la detecci\u00f3n temprana salva vidas. Incorporar controles peri\u00f3dicos como parte del cuidado de la salud permite identificar alteraciones a tiempo y acompa\u00f1ar de manera adecuada la evaluaci\u00f3n m\u00e9dica. La prevenci\u00f3n no se limita a una fecha puntual. Es un h\u00e1bito que [&hellip;]\" \/>\n<meta property=\"og:url\" content=\"https:\/\/www.centralab.com.ar\/eng\/dia-mundial-contra-el-cancer-la-prevencion-empieza-por-un-control-a-tiempo\/\" \/>\n<meta property=\"og:site_name\" content=\"CentraLab - Tu laboratorio siempre cerca\" \/>\n<meta property=\"article:publisher\" content=\"https:\/\/www.facebook.com\/CentraLabAnalisisClinicos\/\" \/>\n<meta property=\"article:published_time\" content=\"2026-02-04T13:00:00+00:00\" \/>\n<meta property=\"article:modified_time\" content=\"2026-02-05T18:18:26+00:00\" \/>\n<meta property=\"og:image\" content=\"https:\/\/www.centralab.com.ar\/wp-content\/uploads\/2026\/02\/Blog_feb-1.jpg\" \/>\n\t<meta property=\"og:image:width\" content=\"1201\" \/>\n\t<meta property=\"og:image:height\" content=\"617\" \/>\n\t<meta property=\"og:image:type\" content=\"image\/jpeg\" \/>\n<meta name=\"author\" content=\"popcorntv popcorntv\" \/>\n<meta name=\"twitter:card\" content=\"summary_large_image\" \/>\n<meta name=\"twitter:label1\" content=\"Written by\" \/>\n\t<meta name=\"twitter:data1\" content=\"popcorntv popcorntv\" \/>\n\t<meta name=\"twitter:label2\" content=\"Estimated reading time\" \/>\n\t<meta name=\"twitter:data2\" content=\"2 minutes\" \/>\n<script type=\"application\/ld+json\" class=\"yoast-schema-graph\">{\"@context\":\"https:\/\/schema.org\",\"@graph\":[{\"@type\":\"Article\",\"@id\":\"https:\/\/www.centralab.com.ar\/dia-mundial-contra-el-cancer-la-prevencion-empieza-por-un-control-a-tiempo\/#article\",\"isPartOf\":{\"@id\":\"https:\/\/www.centralab.com.ar\/dia-mundial-contra-el-cancer-la-prevencion-empieza-por-un-control-a-tiempo\/\"},\"author\":{\"name\":\"popcorntv popcorntv\",\"@id\":\"https:\/\/www.centralab.com.ar\/#\/schema\/person\/fd08a1e657c59bb0978cbece7b52980b\"},\"headline\":\"D\u00eda Mundial contra el C\u00e1ncer: la prevenci\u00f3n empieza por un control a tiempo\",\"datePublished\":\"2026-02-04T13:00:00+00:00\",\"dateModified\":\"2026-02-05T18:18:26+00:00\",\"mainEntityOfPage\":{\"@id\":\"https:\/\/www.centralab.com.ar\/dia-mundial-contra-el-cancer-la-prevencion-empieza-por-un-control-a-tiempo\/\"},\"wordCount\":423,\"publisher\":{\"@id\":\"https:\/\/www.centralab.com.ar\/#organization\"},\"image\":{\"@id\":\"https:\/\/www.centralab.com.ar\/dia-mundial-contra-el-cancer-la-prevencion-empieza-por-un-control-a-tiempo\/#primaryimage\"},\"thumbnailUrl\":\"https:\/\/www.centralab.com.ar\/wp-content\/uploads\/2026\/02\/Blog_feb-1.jpg\",\"keywords\":[\"analisis cl\u00ednicos\",\"an\u00e1lisis cl\u00ednicos\",\"cancer\",\"CentraLab\",\"chequeos\",\"prevencion\",\"vida\"],\"articleSection\":[\"Blog\"],\"inLanguage\":\"en-GB\"},{\"@type\":\"WebPage\",\"@id\":\"https:\/\/www.centralab.com.ar\/dia-mundial-contra-el-cancer-la-prevencion-empieza-por-un-control-a-tiempo\/\",\"url\":\"https:\/\/www.centralab.com.ar\/dia-mundial-contra-el-cancer-la-prevencion-empieza-por-un-control-a-tiempo\/\",\"name\":\"D\u00eda Mundial contra el C\u00e1ncer: la prevenci\u00f3n empieza por un control a tiempo - CentraLab - Tu laboratorio siempre cerca\",\"isPartOf\":{\"@id\":\"https:\/\/www.centralab.com.ar\/#website\"},\"primaryImageOfPage\":{\"@id\":\"https:\/\/www.centralab.com.ar\/dia-mundial-contra-el-cancer-la-prevencion-empieza-por-un-control-a-tiempo\/#primaryimage\"},\"image\":{\"@id\":\"https:\/\/www.centralab.com.ar\/dia-mundial-contra-el-cancer-la-prevencion-empieza-por-un-control-a-tiempo\/#primaryimage\"},\"thumbnailUrl\":\"https:\/\/www.centralab.com.ar\/wp-content\/uploads\/2026\/02\/Blog_feb-1.jpg\",\"datePublished\":\"2026-02-04T13:00:00+00:00\",\"dateModified\":\"2026-02-05T18:18:26+00:00\",\"breadcrumb\":{\"@id\":\"https:\/\/www.centralab.com.ar\/dia-mundial-contra-el-cancer-la-prevencion-empieza-por-un-control-a-tiempo\/#breadcrumb\"},\"inLanguage\":\"en-GB\",\"potentialAction\":[{\"@type\":\"ReadAction\",\"target\":[\"https:\/\/www.centralab.com.ar\/dia-mundial-contra-el-cancer-la-prevencion-empieza-por-un-control-a-tiempo\/\"]}]},{\"@type\":\"ImageObject\",\"inLanguage\":\"en-GB\",\"@id\":\"https:\/\/www.centralab.com.ar\/dia-mundial-contra-el-cancer-la-prevencion-empieza-por-un-control-a-tiempo\/#primaryimage\",\"url\":\"https:\/\/www.centralab.com.ar\/wp-content\/uploads\/2026\/02\/Blog_feb-1.jpg\",\"contentUrl\":\"https:\/\/www.centralab.com.ar\/wp-content\/uploads\/2026\/02\/Blog_feb-1.jpg\",\"width\":1201,\"height\":617,\"caption\":\"\u00bfPor qu\u00e9 la detecci\u00f3n temprana es clave en la prevenci\u00f3n del c\u00e1ncer?\"},{\"@type\":\"BreadcrumbList\",\"@id\":\"https:\/\/www.centralab.com.ar\/dia-mundial-contra-el-cancer-la-prevencion-empieza-por-un-control-a-tiempo\/#breadcrumb\",\"itemListElement\":[{\"@type\":\"ListItem\",\"position\":1,\"name\":\"Inicio\",\"item\":\"https:\/\/www.centralab.com.ar\/\"},{\"@type\":\"ListItem\",\"position\":2,\"name\":\"D\u00eda Mundial contra el C\u00e1ncer: la prevenci\u00f3n empieza por un control a tiempo\"}]},{\"@type\":\"WebSite\",\"@id\":\"https:\/\/www.centralab.com.ar\/#website\",\"url\":\"https:\/\/www.centralab.com.ar\/\",\"name\":\"CentraLab | Laboratorio de an\u00e1lisis cl\u00ednicos\",\"description\":\"Tu laboratorio siempre cerca\",\"publisher\":{\"@id\":\"https:\/\/www.centralab.com.ar\/#organization\"},\"potentialAction\":[{\"@type\":\"SearchAction\",\"target\":{\"@type\":\"EntryPoint\",\"urlTemplate\":\"https:\/\/www.centralab.com.ar\/?s={search_term_string}\"},\"query-input\":{\"@type\":\"PropertyValueSpecification\",\"valueRequired\":true,\"valueName\":\"search_term_string\"}}],\"inLanguage\":\"en-GB\"},{\"@type\":\"Organization\",\"@id\":\"https:\/\/www.centralab.com.ar\/#organization\",\"name\":\"CentraLab - An\u00e1lisis cl\u00ednicos\",\"url\":\"https:\/\/www.centralab.com.ar\/\",\"logo\":{\"@type\":\"ImageObject\",\"inLanguage\":\"en-GB\",\"@id\":\"https:\/\/www.centralab.com.ar\/#\/schema\/logo\/image\/\",\"url\":\"https:\/\/www.centralab.com.ar\/wp-content\/uploads\/2021\/05\/LogoCentralab-1.svg\",\"contentUrl\":\"https:\/\/www.centralab.com.ar\/wp-content\/uploads\/2021\/05\/LogoCentralab-1.svg\",\"width\":1,\"height\":1,\"caption\":\"CentraLab - An\u00e1lisis cl\u00ednicos\"},\"image\":{\"@id\":\"https:\/\/www.centralab.com.ar\/#\/schema\/logo\/image\/\"},\"sameAs\":[\"https:\/\/www.facebook.com\/CentraLabAnalisisClinicos\/\",\"https:\/\/www.instagram.com\/centralab_\/\",\"https:\/\/www.youtube.com\/channel\/UCasI9bGmQCSQoSeKGFsceKQ\"]},{\"@type\":\"Person\",\"@id\":\"https:\/\/www.centralab.com.ar\/#\/schema\/person\/fd08a1e657c59bb0978cbece7b52980b\",\"name\":\"popcorntv popcorntv\",\"url\":\"https:\/\/www.centralab.com.ar\/eng\/author\/popcorntv\/\"}]}<\/script>\n<!-- \/ Yoast SEO plugin. -->","yoast_head_json":{"title":"D\u00eda Mundial contra el C\u00e1ncer: la prevenci\u00f3n empieza por un control a tiempo - CentraLab - Tu laboratorio siempre cerca","robots":{"index":"index","follow":"follow","max-snippet":"max-snippet:-1","max-image-preview":"max-image-preview:large","max-video-preview":"max-video-preview:-1"},"canonical":"https:\/\/www.centralab.com.ar\/eng\/dia-mundial-contra-el-cancer-la-prevencion-empieza-por-un-control-a-tiempo\/","og_locale":"en_GB","og_type":"article","og_title":"D\u00eda Mundial contra el C\u00e1ncer: la prevenci\u00f3n empieza por un control a tiempo - CentraLab - Tu laboratorio siempre cerca","og_description":"Cada D\u00eda Mundial contra el C\u00e1ncer es una oportunidad para reforzar un mensaje clave: la detecci\u00f3n temprana salva vidas. Incorporar controles peri\u00f3dicos como parte del cuidado de la salud permite identificar alteraciones a tiempo y acompa\u00f1ar de manera adecuada la evaluaci\u00f3n m\u00e9dica. La prevenci\u00f3n no se limita a una fecha puntual. Es un h\u00e1bito que [&hellip;]","og_url":"https:\/\/www.centralab.com.ar\/eng\/dia-mundial-contra-el-cancer-la-prevencion-empieza-por-un-control-a-tiempo\/","og_site_name":"CentraLab - Tu laboratorio siempre cerca","article_publisher":"https:\/\/www.facebook.com\/CentraLabAnalisisClinicos\/","article_published_time":"2026-02-04T13:00:00+00:00","article_modified_time":"2026-02-05T18:18:26+00:00","og_image":[{"width":1201,"height":617,"url":"https:\/\/www.centralab.com.ar\/wp-content\/uploads\/2026\/02\/Blog_feb-1.jpg","type":"image\/jpeg"}],"author":"popcorntv popcorntv","twitter_card":"summary_large_image","twitter_misc":{"Written by":"popcorntv popcorntv","Estimated reading time":"2 minutes"},"schema":{"@context":"https:\/\/schema.org","@graph":[{"@type":"Article","@id":"https:\/\/www.centralab.com.ar\/dia-mundial-contra-el-cancer-la-prevencion-empieza-por-un-control-a-tiempo\/#article","isPartOf":{"@id":"https:\/\/www.centralab.com.ar\/dia-mundial-contra-el-cancer-la-prevencion-empieza-por-un-control-a-tiempo\/"},"author":{"name":"popcorntv popcorntv","@id":"https:\/\/www.centralab.com.ar\/#\/schema\/person\/fd08a1e657c59bb0978cbece7b52980b"},"headline":"D\u00eda Mundial contra el C\u00e1ncer: la prevenci\u00f3n empieza por un control a tiempo","datePublished":"2026-02-04T13:00:00+00:00","dateModified":"2026-02-05T18:18:26+00:00","mainEntityOfPage":{"@id":"https:\/\/www.centralab.com.ar\/dia-mundial-contra-el-cancer-la-prevencion-empieza-por-un-control-a-tiempo\/"},"wordCount":423,"publisher":{"@id":"https:\/\/www.centralab.com.ar\/#organization"},"image":{"@id":"https:\/\/www.centralab.com.ar\/dia-mundial-contra-el-cancer-la-prevencion-empieza-por-un-control-a-tiempo\/#primaryimage"},"thumbnailUrl":"https:\/\/www.centralab.com.ar\/wp-content\/uploads\/2026\/02\/Blog_feb-1.jpg","keywords":["analisis cl\u00ednicos","an\u00e1lisis cl\u00ednicos","cancer","CentraLab","chequeos","prevencion","vida"],"articleSection":["Blog"],"inLanguage":"en-GB"},{"@type":"WebPage","@id":"https:\/\/www.centralab.com.ar\/dia-mundial-contra-el-cancer-la-prevencion-empieza-por-un-control-a-tiempo\/","url":"https:\/\/www.centralab.com.ar\/dia-mundial-contra-el-cancer-la-prevencion-empieza-por-un-control-a-tiempo\/","name":"D\u00eda Mundial contra el C\u00e1ncer: la prevenci\u00f3n empieza por un control a tiempo - CentraLab - Tu laboratorio siempre cerca","isPartOf":{"@id":"https:\/\/www.centralab.com.ar\/#website"},"primaryImageOfPage":{"@id":"https:\/\/www.centralab.com.ar\/dia-mundial-contra-el-cancer-la-prevencion-empieza-por-un-control-a-tiempo\/#primaryimage"},"image":{"@id":"https:\/\/www.centralab.com.ar\/dia-mundial-contra-el-cancer-la-prevencion-empieza-por-un-control-a-tiempo\/#primaryimage"},"thumbnailUrl":"https:\/\/www.centralab.com.ar\/wp-content\/uploads\/2026\/02\/Blog_feb-1.jpg","datePublished":"2026-02-04T13:00:00+00:00","dateModified":"2026-02-05T18:18:26+00:00","breadcrumb":{"@id":"https:\/\/www.centralab.com.ar\/dia-mundial-contra-el-cancer-la-prevencion-empieza-por-un-control-a-tiempo\/#breadcrumb"},"inLanguage":"en-GB","potentialAction":[{"@type":"ReadAction","target":["https:\/\/www.centralab.com.ar\/dia-mundial-contra-el-cancer-la-prevencion-empieza-por-un-control-a-tiempo\/"]}]},{"@type":"ImageObject","inLanguage":"en-GB","@id":"https:\/\/www.centralab.com.ar\/dia-mundial-contra-el-cancer-la-prevencion-empieza-por-un-control-a-tiempo\/#primaryimage","url":"https:\/\/www.centralab.com.ar\/wp-content\/uploads\/2026\/02\/Blog_feb-1.jpg","contentUrl":"https:\/\/www.centralab.com.ar\/wp-content\/uploads\/2026\/02\/Blog_feb-1.jpg","width":1201,"height":617,"caption":"\u00bfPor qu\u00e9 la detecci\u00f3n temprana es clave en la prevenci\u00f3n del c\u00e1ncer?"},{"@type":"BreadcrumbList","@id":"https:\/\/www.centralab.com.ar\/dia-mundial-contra-el-cancer-la-prevencion-empieza-por-un-control-a-tiempo\/#breadcrumb","itemListElement":[{"@type":"ListItem","position":1,"name":"Inicio","item":"https:\/\/www.centralab.com.ar\/"},{"@type":"ListItem","position":2,"name":"D\u00eda Mundial contra el C\u00e1ncer: la prevenci\u00f3n empieza por un control a tiempo"}]},{"@type":"WebSite","@id":"https:\/\/www.centralab.com.ar\/#website","url":"https:\/\/www.centralab.com.ar\/","name":"CentraLab | Laboratorio de an\u00e1lisis cl\u00ednicos","description":"Tu laboratorio siempre cerca","publisher":{"@id":"https:\/\/www.centralab.com.ar\/#organization"},"potentialAction":[{"@type":"SearchAction","target":{"@type":"EntryPoint","urlTemplate":"https:\/\/www.centralab.com.ar\/?s={search_term_string}"},"query-input":{"@type":"PropertyValueSpecification","valueRequired":true,"valueName":"search_term_string"}}],"inLanguage":"en-GB"},{"@type":"Organization","@id":"https:\/\/www.centralab.com.ar\/#organization","name":"CentraLab - An\u00e1lisis cl\u00ednicos","url":"https:\/\/www.centralab.com.ar\/","logo":{"@type":"ImageObject","inLanguage":"en-GB","@id":"https:\/\/www.centralab.com.ar\/#\/schema\/logo\/image\/","url":"https:\/\/www.centralab.com.ar\/wp-content\/uploads\/2021\/05\/LogoCentralab-1.svg","contentUrl":"https:\/\/www.centralab.com.ar\/wp-content\/uploads\/2021\/05\/LogoCentralab-1.svg","width":1,"height":1,"caption":"CentraLab - An\u00e1lisis cl\u00ednicos"},"image":{"@id":"https:\/\/www.centralab.com.ar\/#\/schema\/logo\/image\/"},"sameAs":["https:\/\/www.facebook.com\/CentraLabAnalisisClinicos\/","https:\/\/www.instagram.com\/centralab_\/","https:\/\/www.youtube.com\/channel\/UCasI9bGmQCSQoSeKGFsceKQ"]},{"@type":"Person","@id":"https:\/\/www.centralab.com.ar\/#\/schema\/person\/fd08a1e657c59bb0978cbece7b52980b","name":"popcorntv popcorntv","url":"https:\/\/www.centralab.com.ar\/eng\/author\/popcorntv\/"}]}},"_links":{"self":[{"href":"https:\/\/www.centralab.com.ar\/eng\/wp-json\/wp\/v2\/posts\/7272","targetHints":{"allow":["GET"]}}],"collection":[{"href":"https:\/\/www.centralab.com.ar\/eng\/wp-json\/wp\/v2\/posts"}],"about":[{"href":"https:\/\/www.centralab.com.ar\/eng\/wp-json\/wp\/v2\/types\/post"}],"author":[{"embeddable":true,"href":"https:\/\/www.centralab.com.ar\/eng\/wp-json\/wp\/v2\/users\/2"}],"replies":[{"embeddable":true,"href":"https:\/\/www.centralab.com.ar\/eng\/wp-json\/wp\/v2\/comments?post=7272"}],"version-history":[{"count":2,"href":"https:\/\/www.centralab.com.ar\/eng\/wp-json\/wp\/v2\/posts\/7272\/revisions"}],"predecessor-version":[{"id":7276,"href":"https:\/\/www.centralab.com.ar\/eng\/wp-json\/wp\/v2\/posts\/7272\/revisions\/7276"}],"wp:featuredmedia":[{"embeddable":true,"href":"https:\/\/www.centralab.com.ar\/eng\/wp-json\/wp\/v2\/media\/7273"}],"wp:attachment":[{"href":"https:\/\/www.centralab.com.ar\/eng\/wp-json\/wp\/v2\/media?parent=7272"}],"wp:term":[{"taxonomy":"category","embeddable":true,"href":"https:\/\/www.centralab.com.ar\/eng\/wp-json\/wp\/v2\/categories?post=7272"},{"taxonomy":"post_tag","embeddable":true,"href":"https:\/\/www.centralab.com.ar\/eng\/wp-json\/wp\/v2\/tags?post=7272"}],"curies":[{"name":"wp","href":"https:\/\/api.w.org\/{rel}","templated":true}]}}